{"id":2411,"date":"2019-04-09T11:38:00","date_gmt":"2019-04-09T14:38:00","guid":{"rendered":"https:\/\/internacionales.unicen.edu.ar\/?p=2411"},"modified":"2019-04-09T11:38:00","modified_gmt":"2019-04-09T14:38:00","slug":"convocatoria-abierta-beca-bec-ar-estadias-cortas-de-doctorado-y-cursos-cortos-de-especializacion-en-francia","status":"publish","type":"post","link":"https:\/\/internacionales.unicen.edu.ar\/?p=2411","title":{"rendered":"Convocatoria abierta beca BEC.AR: estad\u00edas cortas de Doctorado y cursos cortos de especializaci\u00f3n en Francia"},"content":{"rendered":"<p>Estimados,<\/p>\n<p>Les informamos que la convocatoria para la beca BEC.AR para realizar estad\u00edas cortas de Doctorado y cursos cortos de especializaci\u00f3n ya est\u00e1 abierta. Los candidatos tienen hasta el 29 de abril de 2019 para postular.<\/p>\n<p>Se trata de una beca destinada a argentinos ya graduados de un m\u00e1ximo de 6 meses en Francia en Ciencia y Tecnolog\u00eda.<\/p>\n<p>Las \u00e1reas prioritarias son las siguientes:<\/p>\n<ul>\n<li>Ciencias Biotecnolog\u00edas<\/li>\n<li>Ciencias F\u00edsicas, Matem\u00e1ticas y Astron\u00f3micas<\/li>\n<li>Ciencias Qu\u00edmicas<\/li>\n<li>Ciencias de la Tierra e Hidro-atmosf\u00e9ricas<\/li>\n<li>Tecnolog\u00eda del Medio Ambiente<\/li>\n<li>Tecnolog\u00eda Qu\u00edmica<\/li>\n<li>Tecnolog\u00eda Industrial, Energ\u00e9tica, de transporte, Minera, Mec\u00e1nica y de Materiales<\/li>\n<li>Tecnolog\u00eda Inform\u00e1tica, de las Comunicaciones y Electr\u00f3nica<\/li>\n<\/ul>\n<p>&nbsp;<\/p>\n<p>Los candidatos tienen hasta el 29 de abril de 2019 para postular.<\/p>\n<p>&nbsp;<\/p>\n<p>Adjunto las bases y condiciones.\u00a0<a href=\"https:\/\/internacionales.unicen.edu.ar\/wp-content\/uploads\/2019\/04\/Bases-y-Condiciones-Estadia-Corta-Francia-Espa\u00f1a-2019-2.pdf\">Bases y Condiciones &#8211; Estadia Corta &#8211; Francia &#8211; Espa\u00f1a 2019 (2)<\/a><\/p>\n<p>&nbsp;<\/p>\n<p>Para m\u00e1s informaci\u00f3n:<\/p>\n<p><a href=\"http:\/\/www.argentine.campusfrance.org\/es\/actualite\/beca-becar-%C2%A1convocatoria-abierta\">http:\/\/www.argentine.campusfrance.org\/es\/actualite\/beca-becar-%C2%A1convocatoria-abierta<\/a><\/p>\n<p>&nbsp;<\/p>\n<p><a href=\"https:\/\/www.argentina.gob.ar\/estadia-corta-en-ciencia-y-tecnologia-para-profesionales-argentinos-en-la-republica-de-francia-y-el\">https:\/\/www.argentina.gob.ar\/estadia-corta-en-ciencia-y-tecnologia-para-profesionales-argentinos-en-la-republica-de-francia-y-el<\/a><\/p>\n<p>&nbsp;<\/p>\n<p>Atentamente,<\/p>\n<p>&nbsp;<\/p>\n<p>Direcci\u00f3n de Relaciones Internacionales<\/p>\n<p>Secretar\u00eda de\u00a0 Relaciones Institucionales<\/p>\n<p>Universidad Nacional del Centro de la<\/p>\n<p>Provincia de Buenos Aires<\/p>\n<p>General Pinto 399. 2\u00ba Piso. Oficina 223.<\/p>\n<p>CP B7000GHG. Tandil &#8211; Buenos Aires. Argentina<\/p>\n<p>Tel\/Fax: +54 249 4422000 ext. 182<\/p>\n<p><a href=\"mailto:relaciones.internacionales@rec.unicen.edu.ar\">relaciones.internacionales@rec.unicen.edu.ar<\/a><\/p>\n<p><a href=\"https:\/\/internacionales.unicen.edu.ar\/\">https:\/\/internacionales.unicen.edu.ar\/<\/a><\/p>\n","protected":false},"excerpt":{"rendered":"<p>Estimados, Les informamos que la convocatoria para la beca BEC.AR para realizar estad\u00edas cortas de Doctorado y cursos cortos de especializaci\u00f3n ya est\u00e1 abierta. Los candidatos tienen hasta el 29 de abril de 2019 para postular. Se trata de una beca destinada a argentinos ya graduados de un m\u00e1ximo de [&hellip;]<\/p>\n","protected":false},"author":3,"featured_media":2413,"comment_status":"closed","ping_status":"open","sticky":false,"template":"","format":"standard","meta":{"footnotes":""},"categories":[3],"tags":[],"class_list":["post-2411","post","type-post","status-publish","format-standard","has-post-thumbnail","hentry","category-uncategorized"],"rttpg_featured_image_url":null,"rttpg_author":{"display_name":"bernardo barcena","author_link":"https:\/\/internacionales.unicen.edu.ar\/?author=3"},"rttpg_comment":0,"rttpg_category":"<a href=\"https:\/\/internacionales.unicen.edu.ar\/?cat=3\" rel=\"category\">Uncategorized<\/a>","rttpg_excerpt":"Estimados, Les informamos que la convocatoria para la beca BEC.AR para realizar estad\u00edas cortas de Doctorado y cursos cortos de especializaci\u00f3n ya est\u00e1 abierta. Los candidatos tienen hasta el 29 de abril de 2019 para postular. Se trata de una beca destinada a argentinos ya graduados de un m\u00e1ximo de [&hellip;]","_links":{"self":[{"href":"https:\/\/internacionales.unicen.edu.ar\/index.php?rest_route=\/wp\/v2\/posts\/2411","targetHints":{"allow":["GET"]}}],"collection":[{"href":"https:\/\/internacionales.unicen.edu.ar\/index.php?rest_route=\/wp\/v2\/posts"}],"about":[{"href":"https:\/\/internacionales.unicen.edu.ar\/index.php?rest_route=\/wp\/v2\/types\/post"}],"author":[{"embeddable":true,"href":"https:\/\/internacionales.unicen.edu.ar\/index.php?rest_route=\/wp\/v2\/users\/3"}],"replies":[{"embeddable":true,"href":"https:\/\/internacionales.unicen.edu.ar\/index.php?rest_route=%2Fwp%2Fv2%2Fcomments&post=2411"}],"version-history":[{"count":0,"href":"https:\/\/internacionales.unicen.edu.ar\/index.php?rest_route=\/wp\/v2\/posts\/2411\/revisions"}],"wp:featuredmedia":[{"embeddable":true,"href":"https:\/\/internacionales.unicen.edu.ar\/index.php?rest_route=\/"}],"wp:attachment":[{"href":"https:\/\/internacionales.unicen.edu.ar\/index.php?rest_route=%2Fwp%2Fv2%2Fmedia&parent=2411"}],"wp:term":[{"taxonomy":"category","embeddable":true,"href":"https:\/\/internacionales.unicen.edu.ar\/index.php?rest_route=%2Fwp%2Fv2%2Fcategories&post=2411"},{"taxonomy":"post_tag","embeddable":true,"href":"https:\/\/internacionales.unicen.edu.ar\/index.php?rest_route=%2Fwp%2Fv2%2Ftags&post=2411"}],"curies":[{"name":"wp","href":"https:\/\/api.w.org\/{rel}","templated":true}]}}