{"id":2417,"date":"2019-04-09T12:56:17","date_gmt":"2019-04-09T15:56:17","guid":{"rendered":"https:\/\/internacionales.unicen.edu.ar\/?p=2417"},"modified":"2019-04-09T12:56:17","modified_gmt":"2019-04-09T15:56:17","slug":"convocatoria-de-movilidad-entrante-para-estudiantes-extranjeros-y-nacionales-de-pregrado-2019-2","status":"publish","type":"post","link":"https:\/\/internacionales.unicen.edu.ar\/?p=2417","title":{"rendered":"Convocatoria de Movilidad Entrante para Estudiantes Extranjeros y Nacionales de Pregrado 2019-2"},"content":{"rendered":"<p>Desde el Instituto Tecnol\u00f3gico Metropolitano &#8211; ITM (Medell\u00edn, Colombia), invitan a estudiantes para participar en el Programa de Fomento a la Movilidad de Estudiantes Extranjeros y Nacionales de Pregrado, que ofrece el ITM en el periodo 2019-2, para la modalidad de semestre de intercambio.<\/p>\n<p>Gracias a este programa, adem\u00e1s de la exenci\u00f3n de los costos de matr\u00edcula, los estudiantes podr\u00e1n optar por un apoyo econ\u00f3mico otorgado por el ITM, que le permitir\u00e1 cubrir parcialmente sus gastos de manutenci\u00f3n durante su estad\u00eda en Colombia.<\/p>\n<p>El apoyo econ\u00f3mico ser\u00e1 otorgado de acuerdo al promedio acad\u00e9mico acumulado que tenga el estudiante y hasta agotar los recursos, tal como lo indica la RESOLUCI\u00d3N No 3256 POR MEDIO DE LA CUAL SE ORDENA LA APERTURA DE LA CONVOCATORIA PARA PARTICIPAR EN EL PROGRAMA DE FOMENTO A LA MOVILIDAD ENTRANTE PARA ESTUDIANTES EXTRANJEROS Y NACIONALES DE PREGRADO 2019 &#8211; 2 (adjunta).<\/p>\n<p>Adicional, el estudiante tambi\u00e9n puede aplicar por intermedio del convenio de movilidad vigente que hay entre las instituciones, para lo cual el ITM le ofrece una exenci\u00f3n del 100% de los costos de matr\u00edcula.<\/p>\n<p>Esta es una oportunidad para que los estudiantes complementen su formaci\u00f3n acad\u00e9mica en el ITM, una Instituci\u00f3n Acreditada en Alta Calidad por el Ministerio de Educaci\u00f3n Nacional.<\/p>\n<p>Se adjunta la siguiente documentaci\u00f3n:<\/p>\n<p>*\u00a0 <a href=\"https:\/\/internacionales.unicen.edu.ar\/wp-content\/uploads\/2019\/04\/Res.-356-Por-medio-de-la-cual-se-ordena-la-apertura-de-la-convocatoria-2019-2-1.pdf\">Res. 356 Por medio de la cual se ordena la apertura de la convocatoria 2019-2 (1)<\/a><\/p>\n<p>*\u00a0 <a href=\"https:\/\/internacionales.unicen.edu.ar\/wp-content\/uploads\/2019\/04\/Gu\u00eda-Para-Estudiantes-Visitantes-Nacionales-y-Extranjeros-en-el-ITM-2019-1.pdf\">Gu\u00eda Para Estudiantes Visitantes Nacionales y Extranjeros en el ITM 2019 (1)<\/a><\/p>\n<p>*\u00a0 <a href=\"https:\/\/internacionales.unicen.edu.ar\/wp-content\/uploads\/2019\/04\/FIC-017-Formulario-De-Postulacion-Para-Estudiantes-Visitantes-2019-1.docx\">FIC 017 Formulario De Postulacion Para Estudiantes Visitantes 2019 (1)<\/a><\/p>\n<p>&nbsp;<\/p>\n<p>La\u00a0 oferta acad\u00e9mica de pregrado del ITM podr\u00e1n consultarla en el sitio web: <a href=\"http:\/\/www.itm.edu.co\/\">http:\/\/www.itm.edu.co\/<\/a><\/p>\n<p>La fecha l\u00edmite para postular es\u00a0 hasta el 7 de Junio de 2019 5:30 p.m. Hora colombiana.<\/p>\n<p>&nbsp;<\/p>\n<p>&nbsp;<\/p>\n<p>&nbsp;<\/p>\n<p>Direcci\u00f3n de Relaciones Internacionales<\/p>\n<p>Secretar\u00eda de\u00a0 Relaciones Institucionales<\/p>\n<p>Universidad Nacional del Centro de la<\/p>\n<p>Provincia de Buenos Aires<\/p>\n<p>General Pinto 399. 2\u00ba Piso. Oficina 223.<\/p>\n<p>CP B7000GHG. Tandil &#8211; Buenos Aires. Argentina<\/p>\n<p>Tel\/Fax: +54 249 4422000 ext. 182<\/p>\n<p><a href=\"mailto:relaciones.internacionales@rec.unicen.edu.ar\">relaciones.internacionales@rec.unicen.edu.ar<\/a><\/p>\n<p><a href=\"https:\/\/internacionales.unicen.edu.ar\/\">https:\/\/internacionales.unicen.edu.ar\/<\/a><\/p>\n","protected":false},"excerpt":{"rendered":"<p>Desde el Instituto Tecnol\u00f3gico Metropolitano &#8211; ITM (Medell\u00edn, Colombia), invitan a estudiantes para participar en el Programa de Fomento a la Movilidad de Estudiantes Extranjeros y Nacionales de Pregrado, que ofrece el ITM en el periodo 2019-2, para la modalidad de semestre de intercambio. Gracias a este programa, adem\u00e1s de [&hellip;]<\/p>\n","protected":false},"author":3,"featured_media":2421,"comment_status":"closed","ping_status":"open","sticky":false,"template":"","format":"standard","meta":{"footnotes":""},"categories":[3],"tags":[],"class_list":["post-2417","post","type-post","status-publish","format-standard","has-post-thumbnail","hentry","category-uncategorized"],"rttpg_featured_image_url":null,"rttpg_author":{"display_name":"bernardo barcena","author_link":"https:\/\/internacionales.unicen.edu.ar\/?author=3"},"rttpg_comment":0,"rttpg_category":"<a href=\"https:\/\/internacionales.unicen.edu.ar\/?cat=3\" rel=\"category\">Uncategorized<\/a>","rttpg_excerpt":"Desde el Instituto Tecnol\u00f3gico Metropolitano &#8211; ITM (Medell\u00edn, Colombia), invitan a estudiantes para participar en el Programa de Fomento a la Movilidad de Estudiantes Extranjeros y Nacionales de Pregrado, que ofrece el ITM en el periodo 2019-2, para la modalidad de semestre de intercambio. Gracias a este programa, adem\u00e1s de [&hellip;]","_links":{"self":[{"href":"https:\/\/internacionales.unicen.edu.ar\/index.php?rest_route=\/wp\/v2\/posts\/2417","targetHints":{"allow":["GET"]}}],"collection":[{"href":"https:\/\/internacionales.unicen.edu.ar\/index.php?rest_route=\/wp\/v2\/posts"}],"about":[{"href":"https:\/\/internacionales.unicen.edu.ar\/index.php?rest_route=\/wp\/v2\/types\/post"}],"author":[{"embeddable":true,"href":"https:\/\/internacionales.unicen.edu.ar\/index.php?rest_route=\/wp\/v2\/users\/3"}],"replies":[{"embeddable":true,"href":"https:\/\/internacionales.unicen.edu.ar\/index.php?rest_route=%2Fwp%2Fv2%2Fcomments&post=2417"}],"version-history":[{"count":0,"href":"https:\/\/internacionales.unicen.edu.ar\/index.php?rest_route=\/wp\/v2\/posts\/2417\/revisions"}],"wp:featuredmedia":[{"embeddable":true,"href":"https:\/\/internacionales.unicen.edu.ar\/index.php?rest_route=\/"}],"wp:attachment":[{"href":"https:\/\/internacionales.unicen.edu.ar\/index.php?rest_route=%2Fwp%2Fv2%2Fmedia&parent=2417"}],"wp:term":[{"taxonomy":"category","embeddable":true,"href":"https:\/\/internacionales.unicen.edu.ar\/index.php?rest_route=%2Fwp%2Fv2%2Fcategories&post=2417"},{"taxonomy":"post_tag","embeddable":true,"href":"https:\/\/internacionales.unicen.edu.ar\/index.php?rest_route=%2Fwp%2Fv2%2Ftags&post=2417"}],"curies":[{"name":"wp","href":"https:\/\/api.w.org\/{rel}","templated":true}]}}