{"id":2423,"date":"2019-04-16T10:27:05","date_gmt":"2019-04-16T13:27:05","guid":{"rendered":"https:\/\/internacionales.unicen.edu.ar\/?p=2423"},"modified":"2019-04-16T10:27:05","modified_gmt":"2019-04-16T13:27:05","slug":"beca-iberoamerica-2019-2020-destinado-a-estudiantes-de-grado-unicen","status":"publish","type":"post","link":"https:\/\/internacionales.unicen.edu.ar\/?p=2423","title":{"rendered":"Beca Iberoam\u00e9rica 2019-2020, destinado a estudiantes de grado UNICEN."},"content":{"rendered":"\t\t<div data-elementor-type=\"wp-post\" data-elementor-id=\"2423\" class=\"elementor elementor-2423 elementor-bc-flex-widget\">\n\t\t\t\t\t\t<section class=\"elementor-section elementor-top-section elementor-element elementor-element-5af3a4c elementor-section-boxed elementor-section-height-default elementor-section-height-default\" data-id=\"5af3a4c\" data-element_type=\"section\">\n\t\t\t\t\t\t<div class=\"elementor-container elementor-column-gap-default\">\n\t\t\t\t\t<div class=\"elementor-column elementor-col-100 elementor-top-column elementor-element elementor-element-2d7a655\" data-id=\"2d7a655\" data-element_type=\"column\">\n\t\t\t<div class=\"elementor-widget-wrap elementor-element-populated\">\n\t\t\t\t\t\t<div class=\"elementor-element elementor-element-f345a30 elementor-widget elementor-widget-heading\" data-id=\"f345a30\" data-element_type=\"widget\" data-widget_type=\"heading.default\">\n\t\t\t\t<div class=\"elementor-widget-container\">\n\t\t\t\t\t<h2 class=\"elementor-heading-title elementor-size-default\">Becas Iberoam\u00e9rica Santander Universidades. Estudiantes de Grado<\/h2>\t\t\t\t<\/div>\n\t\t\t\t<\/div>\n\t\t\t\t\t<\/div>\n\t\t<\/div>\n\t\t\t\t\t<\/div>\n\t\t<\/section>\n\t\t\t\t<section class=\"elementor-section elementor-top-section elementor-element elementor-element-3b0a3191 elementor-section-boxed elementor-section-height-default elementor-section-height-default\" data-id=\"3b0a3191\" data-element_type=\"section\">\n\t\t\t\t\t\t<div class=\"elementor-container elementor-column-gap-default\">\n\t\t\t\t\t<div class=\"elementor-column elementor-col-100 elementor-top-column elementor-element elementor-element-168a8047\" data-id=\"168a8047\" data-element_type=\"column\">\n\t\t\t<div class=\"elementor-widget-wrap elementor-element-populated\">\n\t\t\t\t\t\t<section class=\"elementor-section elementor-inner-section elementor-element elementor-element-e9b3bd8 elementor-section-boxed elementor-section-height-default elementor-section-height-default\" data-id=\"e9b3bd8\" data-element_type=\"section\">\n\t\t\t\t\t\t<div class=\"elementor-container elementor-column-gap-default\">\n\t\t\t\t\t<div class=\"elementor-column elementor-col-50 elementor-inner-column elementor-element elementor-element-97eb1c1\" data-id=\"97eb1c1\" data-element_type=\"column\">\n\t\t\t<div class=\"elementor-widget-wrap elementor-element-populated\">\n\t\t\t\t\t\t<div class=\"elementor-element elementor-element-b74d33e elementor-widget elementor-widget-text-editor\" data-id=\"b74d33e\" data-element_type=\"widget\" data-widget_type=\"text-editor.default\">\n\t\t\t\t<div class=\"elementor-widget-container\">\n\t\t\t\t\t\t\t\t\t<p class=\"rtejustify\">La Direcci\u00f3n de Relaciones Internacionales UNICEN anuncia la apertura de la convocatoria de la Beca Iberoam\u00e9rica 2019-2020, destinado a estudiantes de grado UNICEN.<\/p><p class=\"rtejustify\">Unidades acad\u00e9micas participantes UNICEN:<\/p><p class=\"rtejustify\">&#8211; Facultad de Agronom\u00eda.<\/p><p class=\"rtejustify\">&#8211; Facultad de Derecho.<\/p><p class=\"rtejustify\">&#8211; Facultad de Ciencias Econ\u00f3micas.<\/p><p class=\"rtejustify\">&#8211; Facultad de Ciencias Humanas.<\/p><p class=\"rtejustify\">&#8211; Facultad de Ciencias Sociales.<\/p><p class=\"rtejustify\">N\u00famero de plazas: 2<\/p><p class=\"rtejustify\">Per\u00edodo de la movilidad: Segundo semestre 2019 (agosto\/diciembre) \/ Primer semestre 2020 (enero\/julio).<\/p><p class=\"rtejustify\">Universidad de destino: A fin de seleccionar la Universidad de destino (Chile, Brasil, Per\u00fa, Uruguay, Colombia, Puerto Rico, Espa\u00f1a, Portugal, M\u00e9xico), los interesados deber\u00e1n corroborar el listado de convenios y verificar que se encuentre vigente. Disponibles en\u00a0<a href=\"https:\/\/internacionales.unicen.edu.ar\/index.php\/convenios\/\">https:\/\/internacionales.unicen.edu.ar\/index.php\/convenios\/<\/a><\/p><p class=\"rtejustify\">Seguro Internacional: El seguro internacional con las caracter\u00edsticas mencionadas en las Bases Generales ser\u00e1 contratado por la UNICEN, cuyo costo ser\u00e1 deducido de la suma a transferir al estudiante.<\/p><p class=\"rtejustify\">Inscripciones:<\/p><p class=\"rtejustify\">1. Inscripci\u00f3n on-line:\u00a0<a href=\"https:\/\/www.becas-santander.com\/program\/becas-de-movilidad-iberoamericana-estudiantes-de-grado\">https:\/\/www.becas-santander.com\/program\/becas-de-movilidad-iberoamericana-estudiantes-de-grado<\/a>\u00a0\u00a0Observaci\u00f3n: Si bien la fecha de cierre on-line en plataforma Becas Santander es el 31\/05\/19 en la UNICEN se fija la fecha de cierre el 17\/05\/2019 a fin de poder evaluar las presentaciones.<\/p><p class=\"rtejustify\">2. Inscripci\u00f3n UNICEN: Los interesados deber\u00e1n presentar la documentaci\u00f3n en su unidad acad\u00e9mica, la cual realizar\u00e1 una pre-selecci\u00f3n de 1 estudiante titular y 1 estudiante suplente. Desde la Direcci\u00f3n de Relaciones Internacionales junto con un Comit\u00e9 Evaluador representado por las 5 UUAA participantes har\u00e1n la selecci\u00f3n final de las 2 plazas.<\/p><p class=\"rtejustify\">Fecha de cierre en UNICEN: 17\/05\/2019<\/p>\t\t\t\t\t\t\t\t<\/div>\n\t\t\t\t<\/div>\n\t\t\t\t\t<\/div>\n\t\t<\/div>\n\t\t\t\t<div class=\"elementor-column elementor-col-50 elementor-inner-column elementor-element elementor-element-d1eba15\" data-id=\"d1eba15\" data-element_type=\"column\">\n\t\t\t<div class=\"elementor-widget-wrap elementor-element-populated\">\n\t\t\t\t\t\t<div class=\"elementor-element elementor-element-ff9fa53 elementor-widget elementor-widget-heading\" data-id=\"ff9fa53\" data-element_type=\"widget\" data-widget_type=\"heading.default\">\n\t\t\t\t<div class=\"elementor-widget-container\">\n\t\t\t\t\t<h2 class=\"elementor-heading-title elementor-size-default\">Material de Descarga<\/h2>\t\t\t\t<\/div>\n\t\t\t\t<\/div>\n\t\t\t\t<div class=\"elementor-element elementor-element-2569ced elementor-position-left elementor-view-default elementor-mobile-position-top elementor-vertical-align-top elementor-widget elementor-widget-icon-box\" data-id=\"2569ced\" data-element_type=\"widget\" data-widget_type=\"icon-box.default\">\n\t\t\t\t<div class=\"elementor-widget-container\">\n\t\t\t\t\t\t\t<div class=\"elementor-icon-box-wrapper\">\n\n\t\t\t\t\t\t<div class=\"elementor-icon-box-icon\">\n\t\t\t\t<a href=\"https:\/\/www.unicen.edu.ar\/sites\/default\/files\/CONVOCATORIA.pdf\" class=\"elementor-icon\" tabindex=\"-1\" aria-label=\"Convocatoria UNICEN\">\n\t\t\t\t<i class=\"fa fa-file-pdf-o\" aria-hidden=\"true\"><\/i>\t\t\t\t<\/a>\n\t\t\t<\/div>\n\t\t\t\n\t\t\t\t\t\t<div class=\"elementor-icon-box-content\">\n\n\t\t\t\t\t\t\t\t\t<h3 class=\"elementor-icon-box-title\">\n\t\t\t\t\t\t<a href=\"https:\/\/www.unicen.edu.ar\/sites\/default\/files\/CONVOCATORIA.pdf\" >\n\t\t\t\t\t\t\tConvocatoria UNICEN\t\t\t\t\t\t<\/a>\n\t\t\t\t\t<\/h3>\n\t\t\t\t\n\t\t\t\t\n\t\t\t<\/div>\n\t\t\t\n\t\t<\/div>\n\t\t\t\t\t\t<\/div>\n\t\t\t\t<\/div>\n\t\t\t\t<div class=\"elementor-element elementor-element-5e26bff elementor-position-left elementor-view-default elementor-mobile-position-top elementor-vertical-align-top elementor-widget elementor-widget-icon-box\" data-id=\"5e26bff\" data-element_type=\"widget\" data-widget_type=\"icon-box.default\">\n\t\t\t\t<div class=\"elementor-widget-container\">\n\t\t\t\t\t\t\t<div class=\"elementor-icon-box-wrapper\">\n\n\t\t\t\t\t\t<div class=\"elementor-icon-box-icon\">\n\t\t\t\t<a href=\"https:\/\/www.unicen.edu.ar\/sites\/default\/files\/Bases%20Iberoamerica%20Grado%202019.pdf\" class=\"elementor-icon\" tabindex=\"-1\" aria-label=\" Bases Iberoam\u00e9rica Grado 2019\">\n\t\t\t\t<i class=\"fa fa-file-pdf-o\" aria-hidden=\"true\"><\/i>\t\t\t\t<\/a>\n\t\t\t<\/div>\n\t\t\t\n\t\t\t\t\t\t<div class=\"elementor-icon-box-content\">\n\n\t\t\t\t\t\t\t\t\t<h3 class=\"elementor-icon-box-title\">\n\t\t\t\t\t\t<a href=\"https:\/\/www.unicen.edu.ar\/sites\/default\/files\/Bases%20Iberoamerica%20Grado%202019.pdf\" >\n\t\t\t\t\t\t\t Bases Iberoam\u00e9rica Grado 2019\t\t\t\t\t\t<\/a>\n\t\t\t\t\t<\/h3>\n\t\t\t\t\n\t\t\t\t\n\t\t\t<\/div>\n\t\t\t\n\t\t<\/div>\n\t\t\t\t\t\t<\/div>\n\t\t\t\t<\/div>\n\t\t\t\t<div class=\"elementor-element elementor-element-9f00cff elementor-position-left elementor-view-default elementor-mobile-position-top elementor-vertical-align-top elementor-widget elementor-widget-icon-box\" data-id=\"9f00cff\" data-element_type=\"widget\" data-widget_type=\"icon-box.default\">\n\t\t\t\t<div class=\"elementor-widget-container\">\n\t\t\t\t\t\t\t<div class=\"elementor-icon-box-wrapper\">\n\n\t\t\t\t\t\t<div class=\"elementor-icon-box-icon\">\n\t\t\t\t<a href=\"https:\/\/www.unicen.edu.ar\/sites\/default\/files\/FORMULARIO%20DE%20INSCRIPCI%C3%93N.pdf\" class=\"elementor-icon\" tabindex=\"-1\" aria-label=\"Formulario de Inscripci\u00f3n\">\n\t\t\t\t<i class=\"fa fa-file-pdf-o\" aria-hidden=\"true\"><\/i>\t\t\t\t<\/a>\n\t\t\t<\/div>\n\t\t\t\n\t\t\t\t\t\t<div class=\"elementor-icon-box-content\">\n\n\t\t\t\t\t\t\t\t\t<h3 class=\"elementor-icon-box-title\">\n\t\t\t\t\t\t<a href=\"https:\/\/www.unicen.edu.ar\/sites\/default\/files\/FORMULARIO%20DE%20INSCRIPCI%C3%93N.pdf\" >\n\t\t\t\t\t\t\tFormulario de Inscripci\u00f3n\t\t\t\t\t\t<\/a>\n\t\t\t\t\t<\/h3>\n\t\t\t\t\n\t\t\t\t\n\t\t\t<\/div>\n\t\t\t\n\t\t<\/div>\n\t\t\t\t\t\t<\/div>\n\t\t\t\t<\/div>\n\t\t\t\t<div class=\"elementor-element elementor-element-cea9636 elementor-position-left elementor-view-default elementor-mobile-position-top elementor-vertical-align-top elementor-widget elementor-widget-icon-box\" data-id=\"cea9636\" data-element_type=\"widget\" data-widget_type=\"icon-box.default\">\n\t\t\t\t<div class=\"elementor-widget-container\">\n\t\t\t\t\t\t\t<div class=\"elementor-icon-box-wrapper\">\n\n\t\t\t\t\t\t<div class=\"elementor-icon-box-icon\">\n\t\t\t\t<a href=\"https:\/\/www.unicen.edu.ar\/sites\/default\/files\/Acuerdo%20de%20Aprendizaje_Estudios-MP%20UNICEN%20%281%29.pdf\" class=\"elementor-icon\" tabindex=\"-1\" aria-label=\"Acuerdo de Aprendizaje\">\n\t\t\t\t<i class=\"fa fa-file-pdf-o\" aria-hidden=\"true\"><\/i>\t\t\t\t<\/a>\n\t\t\t<\/div>\n\t\t\t\n\t\t\t\t\t\t<div class=\"elementor-icon-box-content\">\n\n\t\t\t\t\t\t\t\t\t<h3 class=\"elementor-icon-box-title\">\n\t\t\t\t\t\t<a href=\"https:\/\/www.unicen.edu.ar\/sites\/default\/files\/Acuerdo%20de%20Aprendizaje_Estudios-MP%20UNICEN%20%281%29.pdf\" >\n\t\t\t\t\t\t\tAcuerdo de Aprendizaje\t\t\t\t\t\t<\/a>\n\t\t\t\t\t<\/h3>\n\t\t\t\t\n\t\t\t\t\n\t\t\t<\/div>\n\t\t\t\n\t\t<\/div>\n\t\t\t\t\t\t<\/div>\n\t\t\t\t<\/div>\n\t\t\t\t\t<\/div>\n\t\t<\/div>\n\t\t\t\t\t<\/div>\n\t\t<\/section>\n\t\t\t\t\t<\/div>\n\t\t<\/div>\n\t\t\t\t\t<\/div>\n\t\t<\/section>\n\t\t\t\t<\/div>\n\t\t","protected":false},"excerpt":{"rendered":"<p>Becas Iberoam\u00e9rica Santander Universidades. Estudiantes de Grado La Direcci\u00f3n de Relaciones Internacionales UNICEN anuncia la apertura de la convocatoria de la Beca Iberoam\u00e9rica 2019-2020, destinado a estudiantes de grado UNICEN. Unidades acad\u00e9micas participantes UNICEN: &#8211; Facultad de Agronom\u00eda. &#8211; Facultad de Derecho. &#8211; Facultad de Ciencias Econ\u00f3micas. &#8211; Facultad de [&hellip;]<\/p>\n","protected":false},"author":3,"featured_media":2424,"comment_status":"closed","ping_status":"open","sticky":false,"template":"elementor_header_footer","format":"standard","meta":{"footnotes":""},"categories":[3],"tags":[],"class_list":["post-2423","post","type-post","status-publish","format-standard","has-post-thumbnail","hentry","category-uncategorized"],"rttpg_featured_image_url":null,"rttpg_author":{"display_name":"bernardo barcena","author_link":"https:\/\/internacionales.unicen.edu.ar\/?author=3"},"rttpg_comment":0,"rttpg_category":"<a href=\"https:\/\/internacionales.unicen.edu.ar\/?cat=3\" rel=\"category\">Uncategorized<\/a>","rttpg_excerpt":"Becas Iberoam\u00e9rica Santander Universidades. Estudiantes de Grado La Direcci\u00f3n de Relaciones Internacionales UNICEN anuncia la apertura de la convocatoria de la Beca Iberoam\u00e9rica 2019-2020, destinado a estudiantes de grado UNICEN. Unidades acad\u00e9micas participantes UNICEN: &#8211; Facultad de Agronom\u00eda. &#8211; Facultad de Derecho. &#8211; Facultad de Ciencias Econ\u00f3micas. &#8211; Facultad de [&hellip;]","_links":{"self":[{"href":"https:\/\/internacionales.unicen.edu.ar\/index.php?rest_route=\/wp\/v2\/posts\/2423","targetHints":{"allow":["GET"]}}],"collection":[{"href":"https:\/\/internacionales.unicen.edu.ar\/index.php?rest_route=\/wp\/v2\/posts"}],"about":[{"href":"https:\/\/internacionales.unicen.edu.ar\/index.php?rest_route=\/wp\/v2\/types\/post"}],"author":[{"embeddable":true,"href":"https:\/\/internacionales.unicen.edu.ar\/index.php?rest_route=\/wp\/v2\/users\/3"}],"replies":[{"embeddable":true,"href":"https:\/\/internacionales.unicen.edu.ar\/index.php?rest_route=%2Fwp%2Fv2%2Fcomments&post=2423"}],"version-history":[{"count":0,"href":"https:\/\/internacionales.unicen.edu.ar\/index.php?rest_route=\/wp\/v2\/posts\/2423\/revisions"}],"wp:featuredmedia":[{"embeddable":true,"href":"https:\/\/internacionales.unicen.edu.ar\/index.php?rest_route=\/"}],"wp:attachment":[{"href":"https:\/\/internacionales.unicen.edu.ar\/index.php?rest_route=%2Fwp%2Fv2%2Fmedia&parent=2423"}],"wp:term":[{"taxonomy":"category","embeddable":true,"href":"https:\/\/internacionales.unicen.edu.ar\/index.php?rest_route=%2Fwp%2Fv2%2Fcategories&post=2423"},{"taxonomy":"post_tag","embeddable":true,"href":"https:\/\/internacionales.unicen.edu.ar\/index.php?rest_route=%2Fwp%2Fv2%2Ftags&post=2423"}],"curies":[{"name":"wp","href":"https:\/\/api.w.org\/{rel}","templated":true}]}}