{"id":2464,"date":"2019-05-02T12:54:26","date_gmt":"2019-05-02T15:54:26","guid":{"rendered":"https:\/\/internacionales.unicen.edu.ar\/?p=2464"},"modified":"2019-05-02T12:54:26","modified_gmt":"2019-05-02T15:54:26","slug":"5o-convocatoria-arfitec-1o-y-ultimo-llamado-2019","status":"publish","type":"post","link":"https:\/\/internacionales.unicen.edu.ar\/?p=2464","title":{"rendered":"5\u00ba Convocatoria ARFITEC &#8211; 1\u00ba y \u00faltimo llamado 2019"},"content":{"rendered":"<p class=\"rtejustify\" style=\"text-align: left;\">5\u00ba convocatoria ARFITEC 2019 con destino a Francia abierta hasta el lunes 20 de mayo de 2019<\/p>\n<p class=\"rtejustify\" style=\"text-align: left;\">2 plazas movilidad estudiantes de grado de las siguientes carreras:<\/p>\n<p class=\"rtejustify\" style=\"text-align: left;\">&#8211;\u00a0\u00a0\u00a0\u00a0\u00a0\u00a0\u00a0 Ingenier\u00eda de Sistemas de la Facultad de Ciencias Exactas<\/p>\n<p class=\"rtejustify\" style=\"text-align: left;\">&#8211;\u00a0\u00a0\u00a0\u00a0\u00a0\u00a0\u00a0 Ingenier\u00eda Civil, Ingenier\u00eda Electromec\u00e1nica, Ingenier\u00eda Industrial e Ingenier\u00eda Qu\u00edmica de la Facultad de Ingenier\u00eda<\/p>\n<p class=\"rtejustify\" style=\"text-align: left;\">&#8211;\u00a0\u00a0\u00a0\u00a0\u00a0\u00a0\u00a0 Ingenier\u00eda Agron\u00f3mica de la Facultad de Agronom\u00eda<\/p>\n<p style=\"text-align: left;\">Los becarios participan del proyecto &#8220;Establecimiento de la red franco-argentina de formaciones de ingenieros multidisciplinarios&#8221;. Por la parte francesa participan los POLYTECH: Universit\u00e9 Lille 1; Universit\u00e9 Pierre el Marie Curie; Universit\u00e9 Montpellier 2 y L\u2019Ecole Nationale V\u00e9t\u00e9rinaire, Agroalimentaire et de l\u2019Alimentation Nantes-Atlantique y por la parte argentina, participan la Universidad Nacional del Sur como Coordinadora General del Proyecto; la Universidad Nacional de Cuyo y nuestra Universidad.<\/p>\n<p style=\"text-align: left;\"><a href=\"https:\/\/www.unicen.edu.ar\/sites\/default\/files\/Convocatoria%20ARFITEC%202019%201er.%20llamado.docx\">CONVOCATORIA<\/a><\/p>\n<p style=\"text-align: left;\"><a href=\"https:\/\/www.unicen.edu.ar\/sites\/default\/files\/Bases%205%C2%AA%20Convocatoria%20Programa%20ARFITEC%20%281%29.pdf\">BASES\u00a0<\/a><\/p>\n<p style=\"text-align: left;\"><a href=\"https:\/\/www.unicen.edu.ar\/sites\/default\/files\/ARF%2017-15%20NotaSPUCI%20025_17%20-%20Movilidades.pdf\">NOTA SPU<\/a><\/p>\n<p style=\"text-align: left;\">Podr\u00e1n visualizar la convocatoria e interiorizarse del Programa en el siguiente link:\u00a0<a href=\"https:\/\/internacionales.unicen.edu.ar\/index.php\/programa-arfitec\/\">https:\/\/internacionales.unicen.edu.ar\/index.php\/programa-arfitec\/<\/a><\/p>\n<p style=\"text-align: left;\">\n","protected":false},"excerpt":{"rendered":"<p>5\u00ba convocatoria ARFITEC 2019 con destino a Francia abierta hasta el lunes 20 de mayo de 2019 2 plazas movilidad estudiantes de grado de las siguientes carreras: &#8211;\u00a0\u00a0\u00a0\u00a0\u00a0\u00a0\u00a0 Ingenier\u00eda de Sistemas de la Facultad de Ciencias Exactas &#8211;\u00a0\u00a0\u00a0\u00a0\u00a0\u00a0\u00a0 Ingenier\u00eda Civil, Ingenier\u00eda Electromec\u00e1nica, Ingenier\u00eda Industrial e Ingenier\u00eda Qu\u00edmica de la Facultad [&hellip;]<\/p>\n","protected":false},"author":3,"featured_media":2465,"comment_status":"closed","ping_status":"open","sticky":false,"template":"","format":"standard","meta":{"footnotes":""},"categories":[4,3],"tags":[],"class_list":["post-2464","post","type-post","status-publish","format-standard","has-post-thumbnail","hentry","category-abierta","category-uncategorized"],"rttpg_featured_image_url":null,"rttpg_author":{"display_name":"bernardo barcena","author_link":"https:\/\/internacionales.unicen.edu.ar\/?author=3"},"rttpg_comment":0,"rttpg_category":"<a href=\"https:\/\/internacionales.unicen.edu.ar\/?cat=4\" rel=\"category\">abierta<\/a> <a href=\"https:\/\/internacionales.unicen.edu.ar\/?cat=3\" rel=\"category\">Uncategorized<\/a>","rttpg_excerpt":"5\u00ba convocatoria ARFITEC 2019 con destino a Francia abierta hasta el lunes 20 de mayo de 2019 2 plazas movilidad estudiantes de grado de las siguientes carreras: &#8211;\u00a0\u00a0\u00a0\u00a0\u00a0\u00a0\u00a0 Ingenier\u00eda de Sistemas de la Facultad de Ciencias Exactas &#8211;\u00a0\u00a0\u00a0\u00a0\u00a0\u00a0\u00a0 Ingenier\u00eda Civil, Ingenier\u00eda Electromec\u00e1nica, Ingenier\u00eda Industrial e Ingenier\u00eda Qu\u00edmica de la Facultad [&hellip;]","_links":{"self":[{"href":"https:\/\/internacionales.unicen.edu.ar\/index.php?rest_route=\/wp\/v2\/posts\/2464","targetHints":{"allow":["GET"]}}],"collection":[{"href":"https:\/\/internacionales.unicen.edu.ar\/index.php?rest_route=\/wp\/v2\/posts"}],"about":[{"href":"https:\/\/internacionales.unicen.edu.ar\/index.php?rest_route=\/wp\/v2\/types\/post"}],"author":[{"embeddable":true,"href":"https:\/\/internacionales.unicen.edu.ar\/index.php?rest_route=\/wp\/v2\/users\/3"}],"replies":[{"embeddable":true,"href":"https:\/\/internacionales.unicen.edu.ar\/index.php?rest_route=%2Fwp%2Fv2%2Fcomments&post=2464"}],"version-history":[{"count":0,"href":"https:\/\/internacionales.unicen.edu.ar\/index.php?rest_route=\/wp\/v2\/posts\/2464\/revisions"}],"wp:featuredmedia":[{"embeddable":true,"href":"https:\/\/internacionales.unicen.edu.ar\/index.php?rest_route=\/"}],"wp:attachment":[{"href":"https:\/\/internacionales.unicen.edu.ar\/index.php?rest_route=%2Fwp%2Fv2%2Fmedia&parent=2464"}],"wp:term":[{"taxonomy":"category","embeddable":true,"href":"https:\/\/internacionales.unicen.edu.ar\/index.php?rest_route=%2Fwp%2Fv2%2Fcategories&post=2464"},{"taxonomy":"post_tag","embeddable":true,"href":"https:\/\/internacionales.unicen.edu.ar\/index.php?rest_route=%2Fwp%2Fv2%2Ftags&post=2464"}],"curies":[{"name":"wp","href":"https:\/\/api.w.org\/{rel}","templated":true}]}}