{"id":2527,"date":"2019-06-07T10:04:08","date_gmt":"2019-06-07T13:04:08","guid":{"rendered":"https:\/\/internacionales.unicen.edu.ar\/?p=2527"},"modified":"2019-06-07T10:04:08","modified_gmt":"2019-06-07T13:04:08","slug":"2527","status":"publish","type":"post","link":"https:\/\/internacionales.unicen.edu.ar\/?p=2527","title":{"rendered":"Convocatoria 2019 Casas Argentinas en el Exterior"},"content":{"rendered":"<p>El Ministerio de Educaci\u00f3n, Cultura, Ciencia y Tecnolog\u00eda de la Naci\u00f3n informa que se encuentra abierta la convocatoria para el otorgamiento de plazas en el Colegio Mayor Argentino \u201cNuestra Se\u00f1ora de Luj\u00e1n\u201d, en Madrid, y la Fundaci\u00f3n Argentina en la Ciudad Internacional Universitaria de Par\u00eds, para el per\u00edodo 2019-2020.<\/p>\n<p>La propuesta est\u00e1 destinada a estudiantes o graduados argentinos que ya hayan sido admitidos por instituciones espa\u00f1olas o francesas para continuar sus estudios, o bien para realizar estancias de investigaci\u00f3n en el campo cient\u00edfico, tecnol\u00f3gico y art\u00edstico. Tambi\u00e9n pueden postularse deportistas que viajen a representar a nuestro pa\u00eds en el exterior, y docentes que participen de programas de intercambio y movilidad acad\u00e9mica.<\/p>\n<p>Los interesados podr\u00e1n presentar la documentaci\u00f3n requerida hasta el 24 de junio inclusive. Las plazas a otorgar corresponden a los ciclos lectivos de ambos pa\u00edses, que se inician el 1 de septiembre de este a\u00f1o y concluyen el 30 de junio (Espa\u00f1a) o el 31 de julio de 2020 (Francia).<\/p>\n<p>En el marco de la presente convocatoria s\u00f3lo se recibir\u00e1n solicitudes para estancias largas (3 meses o m\u00e1s). Para solicitar alojamiento por menos de tres meses, o para estancias largas una vez cerrada la convocatoria, por favor consultar disponibilidad a los correos <a href=\"mailto:secretariat.arg@gmail.com\">secretariat.arg@gmail.com<\/a> \u00a0o <a href=\"mailto:administracion@cmanslujan.com\">administracion@cmanslujan.com<\/a><\/p>\n<p>El Colegio Mayor Argentino \u201cNuestra Se\u00f1ora de Luj\u00e1n\u201d es una instituci\u00f3n adscripta a la Universidad Complutense. Cuenta con 98 plazas en habitaciones individuales o dobles, todas con ba\u00f1o privado, y la tarifa de alojamiento incluye el servicio de pensi\u00f3n completa. Posee sala de computaci\u00f3n y biblioteca abiertas las 24 horas, y est\u00e1 ubicado a 10 minutos del centro madrile\u00f1o. Se adjunta bases y condiciones de la convocatoria.<\/p>\n<p>La Maison de L\u2019Argentine , emplazada en la Ciudad Internacional Universitaria de Par\u00eds (CIUP), dispone de 90 plazas y de un importante fondo bibliogr\u00e1fico de literatura argentina y ciencias sociales. Forma parte del sistema de brassage que ofrece la CIUP, consistente en hospedar a residentes de otras casas e invitar a sus hu\u00e9spedes a hacer lo mismo. Se adjunta bases y condiciones de la convocatoria.<\/p>\n<p>Las tarifas de ambas instituciones est\u00e1n subsidiadas por el Ministerio de Educaci\u00f3n, Cultura, Ciencia y Tecnolog\u00eda de la Rep\u00fablica Argentina.<\/p>\n<p>VER DOCUMENTOS<\/p>\n<p><a href=\"https:\/\/internacionales.unicen.edu.ar\/wp-content\/uploads\/2019\/06\/Fundaci\u00f3n_Argentina_Convocatoria_2019_2020_VFINAL.pdf\">FUNDACI\u00d3N ARGENTINA<\/a><\/p>\n<p><a href=\"https:\/\/internacionales.unicen.edu.ar\/wp-content\/uploads\/2019\/06\/Colegio_Mayor_Argentino_Convocatoria_2019.pdf\">COLEGIO MAYOR<\/a><\/p>\n","protected":false},"excerpt":{"rendered":"<p>El Ministerio de Educaci\u00f3n, Cultura, Ciencia y Tecnolog\u00eda de la Naci\u00f3n informa que se encuentra abierta la convocatoria para el otorgamiento de plazas en el Colegio Mayor Argentino \u201cNuestra Se\u00f1ora de Luj\u00e1n\u201d, en Madrid, y la Fundaci\u00f3n Argentina en la Ciudad Internacional Universitaria de Par\u00eds, para el per\u00edodo 2019-2020. La [&hellip;]<\/p>\n","protected":false},"author":3,"featured_media":2530,"comment_status":"closed","ping_status":"open","sticky":false,"template":"","format":"standard","meta":{"footnotes":""},"categories":[3],"tags":[],"class_list":["post-2527","post","type-post","status-publish","format-standard","has-post-thumbnail","hentry","category-uncategorized"],"rttpg_featured_image_url":null,"rttpg_author":{"display_name":"bernardo barcena","author_link":"https:\/\/internacionales.unicen.edu.ar\/?author=3"},"rttpg_comment":0,"rttpg_category":"<a href=\"https:\/\/internacionales.unicen.edu.ar\/?cat=3\" rel=\"category\">Uncategorized<\/a>","rttpg_excerpt":"El Ministerio de Educaci\u00f3n, Cultura, Ciencia y Tecnolog\u00eda de la Naci\u00f3n informa que se encuentra abierta la convocatoria para el otorgamiento de plazas en el Colegio Mayor Argentino \u201cNuestra Se\u00f1ora de Luj\u00e1n\u201d, en Madrid, y la Fundaci\u00f3n Argentina en la Ciudad Internacional Universitaria de Par\u00eds, para el per\u00edodo 2019-2020. La [&hellip;]","_links":{"self":[{"href":"https:\/\/internacionales.unicen.edu.ar\/index.php?rest_route=\/wp\/v2\/posts\/2527","targetHints":{"allow":["GET"]}}],"collection":[{"href":"https:\/\/internacionales.unicen.edu.ar\/index.php?rest_route=\/wp\/v2\/posts"}],"about":[{"href":"https:\/\/internacionales.unicen.edu.ar\/index.php?rest_route=\/wp\/v2\/types\/post"}],"author":[{"embeddable":true,"href":"https:\/\/internacionales.unicen.edu.ar\/index.php?rest_route=\/wp\/v2\/users\/3"}],"replies":[{"embeddable":true,"href":"https:\/\/internacionales.unicen.edu.ar\/index.php?rest_route=%2Fwp%2Fv2%2Fcomments&post=2527"}],"version-history":[{"count":0,"href":"https:\/\/internacionales.unicen.edu.ar\/index.php?rest_route=\/wp\/v2\/posts\/2527\/revisions"}],"wp:featuredmedia":[{"embeddable":true,"href":"https:\/\/internacionales.unicen.edu.ar\/index.php?rest_route=\/"}],"wp:attachment":[{"href":"https:\/\/internacionales.unicen.edu.ar\/index.php?rest_route=%2Fwp%2Fv2%2Fmedia&parent=2527"}],"wp:term":[{"taxonomy":"category","embeddable":true,"href":"https:\/\/internacionales.unicen.edu.ar\/index.php?rest_route=%2Fwp%2Fv2%2Fcategories&post=2527"},{"taxonomy":"post_tag","embeddable":true,"href":"https:\/\/internacionales.unicen.edu.ar\/index.php?rest_route=%2Fwp%2Fv2%2Ftags&post=2527"}],"curies":[{"name":"wp","href":"https:\/\/api.w.org\/{rel}","templated":true}]}}