{"id":2540,"date":"2019-08-23T13:25:00","date_gmt":"2019-08-23T16:25:00","guid":{"rendered":"https:\/\/internacionales.unicen.edu.ar\/?p=2540"},"modified":"2019-08-23T13:25:00","modified_gmt":"2019-08-23T16:25:00","slug":"33-edicion-del-premio-georges-melies","status":"publish","type":"post","link":"https:\/\/internacionales.unicen.edu.ar\/?p=2540","title":{"rendered":"33\u00b0 EDICI\u00d3N DEL PREMIO GEORGES-M\u00c9LI\u00c8S"},"content":{"rendered":"<p>El concurso de cortometrajes \u201c<strong>Georges M\u00e9li\u00e8s<\/strong>\u201d fue lanzado con el fin de incentivar y apoyar j\u00f3venes talentos del cine, as\u00ed como tambi\u00e9n de favorecer la producci\u00f3n y difusi\u00f3n de pel\u00edculas de fuerte identidad cultural, apostando a la diversidad cultural.<\/p>\n<p><a href=\"http:\/\/Gacetilla de prensa 33a edicion del Concurso Georges-M\u00e9li\u00e8s\">VER DOCUMENTO\u00a0<\/a><\/p>\n","protected":false},"excerpt":{"rendered":"<p>El concurso de cortometrajes \u201cGeorges M\u00e9li\u00e8s\u201d fue lanzado con el fin de incentivar y apoyar j\u00f3venes talentos del cine, as\u00ed como tambi\u00e9n de favorecer la producci\u00f3n y difusi\u00f3n de pel\u00edculas de fuerte identidad cultural, apostando a la diversidad cultural. VER DOCUMENTO\u00a0<\/p>\n","protected":false},"author":3,"featured_media":2542,"comment_status":"closed","ping_status":"open","sticky":false,"template":"","format":"standard","meta":{"footnotes":""},"categories":[3],"tags":[],"class_list":["post-2540","post","type-post","status-publish","format-standard","has-post-thumbnail","hentry","category-uncategorized"],"rttpg_featured_image_url":null,"rttpg_author":{"display_name":"bernardo barcena","author_link":"https:\/\/internacionales.unicen.edu.ar\/?author=3"},"rttpg_comment":0,"rttpg_category":"<a href=\"https:\/\/internacionales.unicen.edu.ar\/?cat=3\" rel=\"category\">Uncategorized<\/a>","rttpg_excerpt":"El concurso de cortometrajes \u201cGeorges M\u00e9li\u00e8s\u201d fue lanzado con el fin de incentivar y apoyar j\u00f3venes talentos del cine, as\u00ed como tambi\u00e9n de favorecer la producci\u00f3n y difusi\u00f3n de pel\u00edculas de fuerte identidad cultural, apostando a la diversidad cultural. VER DOCUMENTO\u00a0","_links":{"self":[{"href":"https:\/\/internacionales.unicen.edu.ar\/index.php?rest_route=\/wp\/v2\/posts\/2540","targetHints":{"allow":["GET"]}}],"collection":[{"href":"https:\/\/internacionales.unicen.edu.ar\/index.php?rest_route=\/wp\/v2\/posts"}],"about":[{"href":"https:\/\/internacionales.unicen.edu.ar\/index.php?rest_route=\/wp\/v2\/types\/post"}],"author":[{"embeddable":true,"href":"https:\/\/internacionales.unicen.edu.ar\/index.php?rest_route=\/wp\/v2\/users\/3"}],"replies":[{"embeddable":true,"href":"https:\/\/internacionales.unicen.edu.ar\/index.php?rest_route=%2Fwp%2Fv2%2Fcomments&post=2540"}],"version-history":[{"count":0,"href":"https:\/\/internacionales.unicen.edu.ar\/index.php?rest_route=\/wp\/v2\/posts\/2540\/revisions"}],"wp:featuredmedia":[{"embeddable":true,"href":"https:\/\/internacionales.unicen.edu.ar\/index.php?rest_route=\/"}],"wp:attachment":[{"href":"https:\/\/internacionales.unicen.edu.ar\/index.php?rest_route=%2Fwp%2Fv2%2Fmedia&parent=2540"}],"wp:term":[{"taxonomy":"category","embeddable":true,"href":"https:\/\/internacionales.unicen.edu.ar\/index.php?rest_route=%2Fwp%2Fv2%2Fcategories&post=2540"},{"taxonomy":"post_tag","embeddable":true,"href":"https:\/\/internacionales.unicen.edu.ar\/index.php?rest_route=%2Fwp%2Fv2%2Ftags&post=2540"}],"curies":[{"name":"wp","href":"https:\/\/api.w.org\/{rel}","templated":true}]}}