{"id":2545,"date":"2019-09-11T10:33:30","date_gmt":"2019-09-11T13:33:30","guid":{"rendered":"https:\/\/internacionales.unicen.edu.ar\/?p=2545"},"modified":"2019-09-11T10:33:30","modified_gmt":"2019-09-11T13:33:30","slug":"convocatoria-movilidad-entrante-itm-2020-1-medellin-colombia","status":"publish","type":"post","link":"https:\/\/internacionales.unicen.edu.ar\/?p=2545","title":{"rendered":"Convocatoria Movilidad Entrante ITM 2020 &#8211; 1, Medell\u00edn &#8211; Colombia"},"content":{"rendered":"<p>Oportunidad para estudiantes<\/p>\n<p>Desde el Instituto Tecnol\u00f3gico Metropolitano &#8211; ITM (Medell\u00edn, Colombia), invitan muy especialmente a estudiantes UNICEN para que participen en la Convocatoria de Movilidad Entrante para Estudiantes de Pregrado, que ofrece el ITM en el periodo 2020-1, en la modalidad de semestre acad\u00e9mico.<\/p>\n<p>Gracias al convenio suscrito entre las partes, los estudiantes participantes tendr\u00e1n una exenci\u00f3n del 100% de los costos de matr\u00edcula, deber\u00e1n pagar en el ITM el seguro m\u00e9dico estudiantil y la manilla de seguridad que oscila en $55.000 mil pesos o $18 USD<\/p>\n<p>&nbsp;<\/p>\n<p>Esta es una oportunidad para que los estudiantes complementen su formaci\u00f3n acad\u00e9mica en el ITM, una Instituci\u00f3n Acreditada en Alta Calidad por el Ministerio de Educaci\u00f3n Nacional.<\/p>\n<p>Adjunto los documentos necesarios para enviar a los estudiantes:<\/p>\n<p>\u2022\u00a0\u00a0\u00a0\u00a0\u00a0\u00a0\u00a0<a href=\"https:\/\/www.unicen.edu.ar\/sites\/default\/files\/1.%20Gu%C3%ADa%20para%20Estudiantes%20Entrantes%20en%20el%20ITM%20-%20Intercambio%20por%20semetres.pdf\">\u00a0 Gu\u00eda para estudiantes visitantes\u00a0 nacionales y extranjeros<\/a><\/p>\n<p>\u2022\u00a0\u00a0\u00a0\u00a0\u00a0\u00a0\u00a0\u00a0\u00a0<a href=\"https:\/\/www.unicen.edu.ar\/sites\/default\/files\/FIC%20017%20%20Formulario%20De%20Postulacion%20Para%20Estudiantes%20Visitantes%202019%20%282%29.docx\">Formulario de aplicaci\u00f3n FIC-017<\/a><\/p>\n<p>La\u00a0 oferta acad\u00e9mica de pregrado del ITM podr\u00e1n consultarla en el sitio web:\u00a0<a href=\"http:\/\/www.itm.edu.co\/\">http:\/\/www.itm.edu.co\/<\/a><\/p>\n<p>La fecha l\u00edmite para postular a los estudiantes es\u00a0 hasta el hasta el 15 de noviembre de 2019 5:30 p.m. Hora colombiana.<\/p>\n<p>&nbsp;<\/p>\n","protected":false},"excerpt":{"rendered":"<p>Oportunidad para estudiantes Desde el Instituto Tecnol\u00f3gico Metropolitano &#8211; ITM (Medell\u00edn, Colombia), invitan muy especialmente a estudiantes UNICEN para que participen en la Convocatoria de Movilidad Entrante para Estudiantes de Pregrado, que ofrece el ITM en el periodo 2020-1, en la modalidad de semestre acad\u00e9mico. Gracias al convenio suscrito entre [&hellip;]<\/p>\n","protected":false},"author":3,"featured_media":2546,"comment_status":"closed","ping_status":"open","sticky":false,"template":"","format":"standard","meta":{"footnotes":""},"categories":[3],"tags":[],"class_list":["post-2545","post","type-post","status-publish","format-standard","has-post-thumbnail","hentry","category-uncategorized"],"rttpg_featured_image_url":null,"rttpg_author":{"display_name":"bernardo barcena","author_link":"https:\/\/internacionales.unicen.edu.ar\/?author=3"},"rttpg_comment":0,"rttpg_category":"<a href=\"https:\/\/internacionales.unicen.edu.ar\/?cat=3\" rel=\"category\">Uncategorized<\/a>","rttpg_excerpt":"Oportunidad para estudiantes Desde el Instituto Tecnol\u00f3gico Metropolitano &#8211; ITM (Medell\u00edn, Colombia), invitan muy especialmente a estudiantes UNICEN para que participen en la Convocatoria de Movilidad Entrante para Estudiantes de Pregrado, que ofrece el ITM en el periodo 2020-1, en la modalidad de semestre acad\u00e9mico. Gracias al convenio suscrito entre [&hellip;]","_links":{"self":[{"href":"https:\/\/internacionales.unicen.edu.ar\/index.php?rest_route=\/wp\/v2\/posts\/2545","targetHints":{"allow":["GET"]}}],"collection":[{"href":"https:\/\/internacionales.unicen.edu.ar\/index.php?rest_route=\/wp\/v2\/posts"}],"about":[{"href":"https:\/\/internacionales.unicen.edu.ar\/index.php?rest_route=\/wp\/v2\/types\/post"}],"author":[{"embeddable":true,"href":"https:\/\/internacionales.unicen.edu.ar\/index.php?rest_route=\/wp\/v2\/users\/3"}],"replies":[{"embeddable":true,"href":"https:\/\/internacionales.unicen.edu.ar\/index.php?rest_route=%2Fwp%2Fv2%2Fcomments&post=2545"}],"version-history":[{"count":0,"href":"https:\/\/internacionales.unicen.edu.ar\/index.php?rest_route=\/wp\/v2\/posts\/2545\/revisions"}],"wp:featuredmedia":[{"embeddable":true,"href":"https:\/\/internacionales.unicen.edu.ar\/index.php?rest_route=\/"}],"wp:attachment":[{"href":"https:\/\/internacionales.unicen.edu.ar\/index.php?rest_route=%2Fwp%2Fv2%2Fmedia&parent=2545"}],"wp:term":[{"taxonomy":"category","embeddable":true,"href":"https:\/\/internacionales.unicen.edu.ar\/index.php?rest_route=%2Fwp%2Fv2%2Fcategories&post=2545"},{"taxonomy":"post_tag","embeddable":true,"href":"https:\/\/internacionales.unicen.edu.ar\/index.php?rest_route=%2Fwp%2Fv2%2Ftags&post=2545"}],"curies":[{"name":"wp","href":"https:\/\/api.w.org\/{rel}","templated":true}]}}