{"id":3184,"date":"2021-11-17T11:11:26","date_gmt":"2021-11-17T14:11:26","guid":{"rendered":"https:\/\/internacionales.unicen.edu.ar\/?p=3184"},"modified":"2024-09-09T14:38:31","modified_gmt":"2024-09-09T17:38:31","slug":"programa-pila","status":"publish","type":"post","link":"https:\/\/internacionales.unicen.edu.ar\/?p=3184","title":{"rendered":"Programa PILA\u00a0"},"content":{"rendered":"<p style=\"text-align: left;\"><img fetchpriority=\"high\" decoding=\"async\" src=\"https:\/\/internacionales.unicen.edu.ar\/wp-content\/uploads\/2021\/11\/propila-300x300.jpeg\" alt=\"\" width=\"353\" height=\"353\" class=\"wp-image-3660 alignleft\" srcset=\"https:\/\/internacionales.unicen.edu.ar\/wp-content\/uploads\/2021\/11\/propila-300x300.jpeg 300w, https:\/\/internacionales.unicen.edu.ar\/wp-content\/uploads\/2021\/11\/propila-1024x1024.jpeg 1024w, https:\/\/internacionales.unicen.edu.ar\/wp-content\/uploads\/2021\/11\/propila-150x150.jpeg 150w, https:\/\/internacionales.unicen.edu.ar\/wp-content\/uploads\/2021\/11\/propila-768x768.jpeg 768w, https:\/\/internacionales.unicen.edu.ar\/wp-content\/uploads\/2021\/11\/propila.jpeg 1080w\" sizes=\"(max-width: 353px) 100vw, 353px\" \/>La DRI informa que se encuentra abierta la convocatoria del programa PILA para la realizaci\u00f3n de movilidades virtuales durante el 1\u00b0 semestre de 2021.<\/p>\n<p style=\"text-align: left;\">Las Unidades acad\u00e9micas UNICEN participantes son: Facultad de Derecho, Facultad de Ciencias Sociales, Facultad de Ciencias Humanas y Facultad de Ciencias Exactas.<\/p>\n<p style=\"text-align: left;\">El Programa de Intercambio Acad\u00e9mico Latinoamericano (PILA) tuvo su origen en los programas de intercambio de estudiantes bilaterales que exist\u00edan entre la Asociaci\u00f3n Nacional de Universidades e Instituciones de Educaci\u00f3n Superior (ANUIES) de M\u00e9xico, la Asociaci\u00f3n Colombiana de Universidades (ASCUN) de Colombia, y el Consejo Interuniversitario Nacional (CIN) de Argentina, quienes decidieron formar una alianza estrat\u00e9gica a trav\u00e9s de este programa.<\/p>\n<p style=\"text-align: left;\">El Programa PILA se puso en funcionamiento a partir del segundo semestre del a\u00f1o 2018, cuando se llev\u00f3 a cabo la primera movilidad en el marco del Programa. \u00c9ste tiene por objeto promover el intercambio de estudiantes de carreras de grado\/pregrado y posgrado, as\u00ed como de acad\u00e9micos, investigadores y gestores de las universidades e instituciones de educaci\u00f3n superior participantes, con el fin de enriquecer su formaci\u00f3n acad\u00e9mica, profesional e integral, as\u00ed como promover la internacionalizaci\u00f3n de la educaci\u00f3n superior y fortalecer los lazos de cooperaci\u00f3n.<\/p>\n<p style=\"text-align: left;\">En agosto de 2020, el Programa PILA abri\u00f3 una nueva modalidad de participaci\u00f3n para incorporar los intercambios virtuales entre las universidades participantes denominada PILAVirtual.<\/p>\n<p style=\"text-align: left;\">En marzo de 2021, el Programa PILAVirtual ampli\u00f3 su membres\u00eda para incorporar a las asociaciones de universidades y consejos de rectores de Chile, Cuba, Nicaragua, Brasil y Uruguay.<\/p>\n<p style=\"text-align: left;\">Actualmente es un consorcio de 8 pa\u00edses de Am\u00e9rica Latina y el Caribe y 222 instituciones educativas.<\/p>\n\n\n<p><\/p>\n","protected":false},"excerpt":{"rendered":"<p>La DRI informa que se encuentra abierta la convocatoria del programa PILA para la realizaci\u00f3n de movilidades virtuales durante el 1\u00b0 semestre de 2021. Las Unidades acad\u00e9micas UNICEN participantes son: Facultad de Derecho, Facultad de Ciencias Sociales, Facultad de Ciencias Humanas y Facultad de Ciencias Exactas. El Programa de Intercambio [&hellip;]<\/p>\n","protected":false},"author":3,"featured_media":3660,"comment_status":"closed","ping_status":"open","sticky":false,"template":"","format":"standard","meta":{"footnotes":""},"categories":[3],"tags":[],"class_list":["post-3184","post","type-post","status-publish","format-standard","has-post-thumbnail","hentry","category-uncategorized"],"rttpg_featured_image_url":{"full":["https:\/\/internacionales.unicen.edu.ar\/wp-content\/uploads\/2021\/11\/propila.jpeg",1080,1080,false],"landscape":["https:\/\/internacionales.unicen.edu.ar\/wp-content\/uploads\/2021\/11\/propila.jpeg",1080,1080,false],"portraits":["https:\/\/internacionales.unicen.edu.ar\/wp-content\/uploads\/2021\/11\/propila.jpeg",1080,1080,false],"thumbnail":["https:\/\/internacionales.unicen.edu.ar\/wp-content\/uploads\/2021\/11\/propila-150x150.jpeg",150,150,true],"medium":["https:\/\/internacionales.unicen.edu.ar\/wp-content\/uploads\/2021\/11\/propila-300x300.jpeg",300,300,true],"large":["https:\/\/internacionales.unicen.edu.ar\/wp-content\/uploads\/2021\/11\/propila-1024x1024.jpeg",750,750,true],"1536x1536":["https:\/\/internacionales.unicen.edu.ar\/wp-content\/uploads\/2021\/11\/propila.jpeg",1080,1080,false],"2048x2048":["https:\/\/internacionales.unicen.edu.ar\/wp-content\/uploads\/2021\/11\/propila.jpeg",1080,1080,false],"hestia-blog":["https:\/\/internacionales.unicen.edu.ar\/wp-content\/uploads\/2021\/11\/propila-360x240.jpeg",360,240,true]},"rttpg_author":{"display_name":"bernardo barcena","author_link":"https:\/\/internacionales.unicen.edu.ar\/?author=3"},"rttpg_comment":0,"rttpg_category":"<a href=\"https:\/\/internacionales.unicen.edu.ar\/?cat=3\" rel=\"category\">Uncategorized<\/a>","rttpg_excerpt":"La DRI informa que se encuentra abierta la convocatoria del programa PILA para la realizaci\u00f3n de movilidades virtuales durante el 1\u00b0 semestre de 2021. Las Unidades acad\u00e9micas UNICEN participantes son: Facultad de Derecho, Facultad de Ciencias Sociales, Facultad de Ciencias Humanas y Facultad de Ciencias Exactas. El Programa de Intercambio [&hellip;]","_links":{"self":[{"href":"https:\/\/internacionales.unicen.edu.ar\/index.php?rest_route=\/wp\/v2\/posts\/3184","targetHints":{"allow":["GET"]}}],"collection":[{"href":"https:\/\/internacionales.unicen.edu.ar\/index.php?rest_route=\/wp\/v2\/posts"}],"about":[{"href":"https:\/\/internacionales.unicen.edu.ar\/index.php?rest_route=\/wp\/v2\/types\/post"}],"author":[{"embeddable":true,"href":"https:\/\/internacionales.unicen.edu.ar\/index.php?rest_route=\/wp\/v2\/users\/3"}],"replies":[{"embeddable":true,"href":"https:\/\/internacionales.unicen.edu.ar\/index.php?rest_route=%2Fwp%2Fv2%2Fcomments&post=3184"}],"version-history":[{"count":1,"href":"https:\/\/internacionales.unicen.edu.ar\/index.php?rest_route=\/wp\/v2\/posts\/3184\/revisions"}],"predecessor-version":[{"id":3662,"href":"https:\/\/internacionales.unicen.edu.ar\/index.php?rest_route=\/wp\/v2\/posts\/3184\/revisions\/3662"}],"wp:featuredmedia":[{"embeddable":true,"href":"https:\/\/internacionales.unicen.edu.ar\/index.php?rest_route=\/wp\/v2\/media\/3660"}],"wp:attachment":[{"href":"https:\/\/internacionales.unicen.edu.ar\/index.php?rest_route=%2Fwp%2Fv2%2Fmedia&parent=3184"}],"wp:term":[{"taxonomy":"category","embeddable":true,"href":"https:\/\/internacionales.unicen.edu.ar\/index.php?rest_route=%2Fwp%2Fv2%2Fcategories&post=3184"},{"taxonomy":"post_tag","embeddable":true,"href":"https:\/\/internacionales.unicen.edu.ar\/index.php?rest_route=%2Fwp%2Fv2%2Ftags&post=3184"}],"curies":[{"name":"wp","href":"https:\/\/api.w.org\/{rel}","templated":true}]}}