{"id":3187,"date":"2021-11-17T12:44:47","date_gmt":"2021-11-17T15:44:47","guid":{"rendered":"https:\/\/internacionales.unicen.edu.ar\/?p=3187"},"modified":"2024-08-23T11:57:51","modified_gmt":"2024-08-23T14:57:51","slug":"convocatoria-a-proyectos-de-formacion-continua-2022-educacion-frances-y-plurilinguismo","status":"publish","type":"post","link":"https:\/\/internacionales.unicen.edu.ar\/?p=3187","title":{"rendered":"Convocatoria\u00a0a &#8220;Proyectos de formaci\u00f3n continua 2022: educaci\u00f3n, franc\u00e9s y pluriling\u00fcismo&#8221;"},"content":{"rendered":"\n<figure class=\"wp-block-image size-full is-resized\"><img fetchpriority=\"high\" decoding=\"async\" width=\"296\" height=\"170\" src=\"https:\/\/internacionales.unicen.edu.ar\/wp-content\/uploads\/2021\/11\/Institut-Frances.png\" alt=\"\" class=\"wp-image-3593\" style=\"width:838px;height:auto\"\/><\/figure>\n\n\n\n<p>Se encuentra abierta la Convocatoria a &#8220;Proyectos de formaci\u00f3n continua 2022: educaci\u00f3n, franc\u00e9s y pluriling\u00fcismo&#8221; como parte del Plan Estrat\u00e9gico Educaci\u00f3n Lengua Francesa 2020-2024 del Institut fran\u00e7ais d&#8217;Argentine \/ Embajada de Francia. Los proyectos est\u00e1n destinados a conformar un plan anual de formaci\u00f3n continua para profesores de y en franc\u00e9s, as\u00ed como para otros agentes educativos con posibilidad de intervenir en acciones relacionadas con la difusi\u00f3n del franc\u00e9s y el pluriling\u00fcismo en Argentina.<br>Se invita a las instituciones dedicadas a la promoci\u00f3n y ense\u00f1anza de lenguas extranjeras y a la formaci\u00f3n del profesorado p\u00fablicas o privadas (organismos estatales, universidades, institutos de educaci\u00f3n superior, Alianza Francesa, asociaciones de profesores, centros de idiomas, etc.) a analizar las necesidades e identificar oportunidades para la difusi\u00f3n de las lenguas y el franc\u00e9s en particular, proponer acciones de formaci\u00f3n continua y solicitar ayuda financiera a la Embajada de Francia para su concreci\u00f3n.<br>Encontrar\u00e1n todas las precisiones as\u00ed como la documentaci\u00f3n para presentar los proyectos en el sitio web:&nbsp;<a href=\"https:\/\/ifargentine.com.ar\/programas\/formacion-continua-2022\" target=\"_blank\" rel=\"noreferrer noopener\">https:\/\/ifargentine.com.ar\/programas\/formacion-continua-2022<\/a>&nbsp;o su versi\u00f3n en franc\u00e9s:&nbsp;<a href=\"https:\/\/ifargentine.com.ar\/fr\/programmes\/formacion-continua-2022\" target=\"_blank\" rel=\"noreferrer noopener\">https:\/\/ifargentine.com.ar\/fr\/programmes\/formacion-continua-2022<\/a>.<br>La fecha l\u00edmite para la presentaci\u00f3n de los proyectos es el&nbsp;23 de diciembre&nbsp;a las 23.59 horas.&nbsp;Cualquier comentario o consulta escribir a:<\/p>\n\n\n\n<p>Luis BLANCO COOK (luis.blanco-cook@diplomatie.gouv.fr)<\/p>\n\n\n\n<p>Adjunto de Cooperaci\u00f3n Educativa y Ling\u00fc\u00edstica<\/p>\n\n\n\n<p>Tel:&nbsp;<a href=\"callto:+54 1145156932\">+54 1145156932<\/a><br><a href=\"https:\/\/ifargentine.com.ar\/\">ifargentine.com.ar&nbsp;<\/a><\/p>\n","protected":false},"excerpt":{"rendered":"<p>Se encuentra abierta la Convocatoria a &#8220;Proyectos de formaci\u00f3n continua 2022: educaci\u00f3n, franc\u00e9s y pluriling\u00fcismo&#8221; como parte del Plan Estrat\u00e9gico Educaci\u00f3n Lengua Francesa 2020-2024 del Institut fran\u00e7ais d&#8217;Argentine \/ Embajada de Francia. Los proyectos est\u00e1n destinados a conformar un plan anual de formaci\u00f3n continua para profesores de y en franc\u00e9s, [&hellip;]<\/p>\n","protected":false},"author":3,"featured_media":3593,"comment_status":"closed","ping_status":"open","sticky":false,"template":"","format":"standard","meta":{"footnotes":""},"categories":[1],"tags":[],"class_list":["post-3187","post","type-post","status-publish","format-standard","has-post-thumbnail","hentry","category-sin-categoria"],"rttpg_featured_image_url":{"full":["https:\/\/internacionales.unicen.edu.ar\/wp-content\/uploads\/2021\/11\/Institut-Frances.png",296,170,false],"landscape":["https:\/\/internacionales.unicen.edu.ar\/wp-content\/uploads\/2021\/11\/Institut-Frances.png",296,170,false],"portraits":["https:\/\/internacionales.unicen.edu.ar\/wp-content\/uploads\/2021\/11\/Institut-Frances.png",296,170,false],"thumbnail":["https:\/\/internacionales.unicen.edu.ar\/wp-content\/uploads\/2021\/11\/Institut-Frances-150x150.png",150,150,true],"medium":["https:\/\/internacionales.unicen.edu.ar\/wp-content\/uploads\/2021\/11\/Institut-Frances.png",296,170,false],"large":["https:\/\/internacionales.unicen.edu.ar\/wp-content\/uploads\/2021\/11\/Institut-Frances.png",296,170,false],"1536x1536":["https:\/\/internacionales.unicen.edu.ar\/wp-content\/uploads\/2021\/11\/Institut-Frances.png",296,170,false],"2048x2048":["https:\/\/internacionales.unicen.edu.ar\/wp-content\/uploads\/2021\/11\/Institut-Frances.png",296,170,false],"hestia-blog":["https:\/\/internacionales.unicen.edu.ar\/wp-content\/uploads\/2021\/11\/Institut-Frances.png",296,170,false]},"rttpg_author":{"display_name":"bernardo barcena","author_link":"https:\/\/internacionales.unicen.edu.ar\/?author=3"},"rttpg_comment":0,"rttpg_category":"<a href=\"https:\/\/internacionales.unicen.edu.ar\/?cat=1\" rel=\"category\">Sin categor\u00eda<\/a>","rttpg_excerpt":"Se encuentra abierta la Convocatoria a &#8220;Proyectos de formaci\u00f3n continua 2022: educaci\u00f3n, franc\u00e9s y pluriling\u00fcismo&#8221; como parte del Plan Estrat\u00e9gico Educaci\u00f3n Lengua Francesa 2020-2024 del Institut fran\u00e7ais d&#8217;Argentine \/ Embajada de Francia. Los proyectos est\u00e1n destinados a conformar un plan anual de formaci\u00f3n continua para profesores de y en franc\u00e9s, [&hellip;]","_links":{"self":[{"href":"https:\/\/internacionales.unicen.edu.ar\/index.php?rest_route=\/wp\/v2\/posts\/3187","targetHints":{"allow":["GET"]}}],"collection":[{"href":"https:\/\/internacionales.unicen.edu.ar\/index.php?rest_route=\/wp\/v2\/posts"}],"about":[{"href":"https:\/\/internacionales.unicen.edu.ar\/index.php?rest_route=\/wp\/v2\/types\/post"}],"author":[{"embeddable":true,"href":"https:\/\/internacionales.unicen.edu.ar\/index.php?rest_route=\/wp\/v2\/users\/3"}],"replies":[{"embeddable":true,"href":"https:\/\/internacionales.unicen.edu.ar\/index.php?rest_route=%2Fwp%2Fv2%2Fcomments&post=3187"}],"version-history":[{"count":1,"href":"https:\/\/internacionales.unicen.edu.ar\/index.php?rest_route=\/wp\/v2\/posts\/3187\/revisions"}],"predecessor-version":[{"id":3594,"href":"https:\/\/internacionales.unicen.edu.ar\/index.php?rest_route=\/wp\/v2\/posts\/3187\/revisions\/3594"}],"wp:featuredmedia":[{"embeddable":true,"href":"https:\/\/internacionales.unicen.edu.ar\/index.php?rest_route=\/wp\/v2\/media\/3593"}],"wp:attachment":[{"href":"https:\/\/internacionales.unicen.edu.ar\/index.php?rest_route=%2Fwp%2Fv2%2Fmedia&parent=3187"}],"wp:term":[{"taxonomy":"category","embeddable":true,"href":"https:\/\/internacionales.unicen.edu.ar\/index.php?rest_route=%2Fwp%2Fv2%2Fcategories&post=3187"},{"taxonomy":"post_tag","embeddable":true,"href":"https:\/\/internacionales.unicen.edu.ar\/index.php?rest_route=%2Fwp%2Fv2%2Ftags&post=3187"}],"curies":[{"name":"wp","href":"https:\/\/api.w.org\/{rel}","templated":true}]}}