{"id":3190,"date":"2021-11-17T12:48:27","date_gmt":"2021-11-17T15:48:27","guid":{"rendered":"https:\/\/internacionales.unicen.edu.ar\/?p=3190"},"modified":"2024-12-17T12:27:09","modified_gmt":"2024-12-17T15:27:09","slug":"ciclo-de-acompanamiento-iniciativa-de-apoyo-al-desarrollo-de-estrategias-virtuales-para-la-internacionalizacion-integral","status":"publish","type":"post","link":"https:\/\/internacionales.unicen.edu.ar\/?p=3190","title":{"rendered":"Ciclo de Acompa\u00f1amiento: Iniciativa de apoyo al desarrollo de estrategias virtuales para la internacionalizaci\u00f3n integral."},"content":{"rendered":"\t\t<div data-elementor-type=\"wp-post\" data-elementor-id=\"3190\" class=\"elementor elementor-3190\">\n\t\t\t\t<div class=\"elementor-element elementor-element-37622c7a e-flex e-con-boxed e-con e-parent\" data-id=\"37622c7a\" data-element_type=\"container\">\n\t\t\t\t\t<div class=\"e-con-inner\">\n\t\t\t\t<div class=\"elementor-element elementor-element-6a459707 elementor-widget elementor-widget-text-editor\" data-id=\"6a459707\" data-element_type=\"widget\" data-widget_type=\"text-editor.default\">\n\t\t\t\t<div class=\"elementor-widget-container\">\n\t\t\t\t\t\t\t\t\t\n<figure class=\"wp-block-image size-full is-resized\"><img fetchpriority=\"high\" decoding=\"async\" width=\"659\" height=\"318\" src=\"https:\/\/internacionales.nuevo.unicen.edu.ar\/wp-content\/uploads\/2021\/11\/encuentro-inter.jpg\" alt=\"\" class=\"wp-image-3588 alignright\" style=\"width: 834px; height: auto;\" srcset=\"https:\/\/internacionales.unicen.edu.ar\/wp-content\/uploads\/2021\/11\/encuentro-inter.jpg 659w, https:\/\/internacionales.unicen.edu.ar\/wp-content\/uploads\/2021\/11\/encuentro-inter-300x145.jpg 300w\" sizes=\"(max-width: 659px) 100vw, 659px\" \/><\/figure>\n\n<p>La Direcci\u00f3n de Relaciones Internacionales se encuentra participando en la elaboraci\u00f3n del proyecto \u201cLa Internacionalizaci\u00f3n Integral de la UNICEN: estrategias y acciones para su promoci\u00f3n desde la virtualidad\u201d. En el marco del Ciclo de Acompa\u00f1amiento. Iniciativa de apoyo al desarrollo de estrategias virtuales para la internacionalizaci\u00f3n integral del Programa de Internacionalizaci\u00f3n de la Educaci\u00f3n Superior y Cooperaci\u00f3n Internacional (PIESCI) se realiz\u00f3 el pasado 22 de septiembre la tercera Cl\u00ednica UNICEN sobre Reconocimiento Acad\u00e9mico.<\/p>\n<p>En dicha oportunidad la Cl\u00ednica UNICEN tuvo como invitados especiales a la Mg. Marina Larrea, Coordinadora del Programa de Internacionalizaci\u00f3n de la Educaci\u00f3n Superior y Cooperaci\u00f3n Internacional (PIESCI) y al Dr. Pablo Beneitone docente de la Universidad Nacional de Lan\u00fas (UNLA), experto en Cooperaci\u00f3n Internacional e Internacionalizaci\u00f3n del Curr\u00edculo (IC) y asesor de la Direcci\u00f3n Nacional de Gesti\u00f3n y Fiscalizaci\u00f3n Universitaria (DNGyFU). La reuni\u00f3n fue moderada por la Prof. Mabel Pacheco, Directora del proyecto, con el acompa\u00f1amiento de la Direcci\u00f3n de Relaciones Internacionales (DRI) y la representaci\u00f3n institucional de las once Unidades Acad\u00e9micas.<\/p>\n<p>En dicho encuentro ambos profesionales destacaron la calidad del pre-proyecto elevado por la UNICEN, el compromiso acad\u00e9mico y de gesti\u00f3n institucional que ello ha requerido y por la conformaci\u00f3n del equipo de trabajo, el cual cuenta con casi noventa (90) integrantes. Continuaron expresando que es central el car\u00e1cter institucional otorgado desde la universidad y que ven una doble fortaleza respecto del trabajo presentado: en primer lugar, respecto de la cantidad de integrantes y diferentes perfiles del equipo armado desde las unidades acad\u00e9micas lo cual manifiesta el inter\u00e9s y, en segundo lugar, por el compromiso central que se ve reflejado desde la coordinaci\u00f3n de Rectorado.<\/p>\n<p>En el trayecto del Ciclo de formaci\u00f3n propuesto por PIESCI, ya casi finalizando, en la Cl\u00ednica UNICEN del 22\/09 el Dr. Pablo Beneitone y la Mg. Marina Larrea acompa\u00f1aron en el asesoramiento sobre el t\u00f3pico \u201cReconocimiento Acad\u00e9mico\u201d\u00a0 a fin de favorecer los procesos que se vienen\u00a0 trabajando con los Coordinadores Institucionales de las Unidades Acad\u00e9micas y los Coordinadores de los Programas PIESCI.<\/p>\n<p>Parte del encuentro de trabajo estuvo relacionado sobre qu\u00e9 estrategias pueden utilizarse para flexibilizar la curr\u00edcula adem\u00e1s de la incorporaci\u00f3n de espacios optativos e implementaci\u00f3n del Reconocimiento de los Trayectos Formativos (RTF). All\u00ed se consider\u00f3 que ello se puede trabajar justamente ahora desde este espacio que brinda el PIESCI con dicho programa y que se puede elaborar tanto desde las universidades en conjunto con la participaci\u00f3n de los docentes sobre los espacios de internacionalizaci\u00f3n como desde las Unidades Acad\u00e9micas, y tambi\u00e9n a nivel central, abriendo el debate en la comunidad en pos de acordar dichas inclusiones en los planes de estudios.<\/p>\n<p>Se reflexion\u00f3 acerca de que comenzar a pensar en estas incorporaciones es de suma importancia para madurar espacios simult\u00e1neos con otros colegas extranjeros y proponer estrategias compartidas para trabajar dentro de la malla curricular. Se acord\u00f3 que se necesitan espacios de discusi\u00f3n entre docentes y autoridades, sumando a alumnos\/as y graduados\/as con experiencia internacional, o que hayan seguido sus profesiones o docencia radicados en el extranjero, para ver c\u00f3mo pensarlo o visualizarlo en t\u00e9rminos de posibilidades reales.<\/p>\n<p>Continuamos trabajando como equipo para avanzar en el Plan de Trabajo Institucional Final a presentarse en el mes de noviembre en una nueva convocatoria PIESCI 2022 que contempla financiamiento.<\/p>\n\n<p><\/p>\n\t\t\t\t\t\t\t\t<\/div>\n\t\t\t\t<\/div>\n\t\t\t\t\t<\/div>\n\t\t\t\t<\/div>\n\t\t\t\t<\/div>\n\t\t","protected":false},"excerpt":{"rendered":"<p>La Direcci\u00f3n de Relaciones Internacionales se encuentra participando en la elaboraci\u00f3n del proyecto \u201cLa Internacionalizaci\u00f3n Integral de la UNICEN: estrategias y acciones para su promoci\u00f3n desde la virtualidad\u201d. En el marco del Ciclo de Acompa\u00f1amiento. Iniciativa de apoyo al desarrollo de estrategias virtuales para la internacionalizaci\u00f3n integral del Programa de [&hellip;]<\/p>\n","protected":false},"author":3,"featured_media":3588,"comment_status":"closed","ping_status":"open","sticky":false,"template":"","format":"standard","meta":{"footnotes":""},"categories":[4,3],"tags":[],"class_list":["post-3190","post","type-post","status-publish","format-standard","has-post-thumbnail","hentry","category-abierta","category-uncategorized"],"rttpg_featured_image_url":{"full":["https:\/\/internacionales.unicen.edu.ar\/wp-content\/uploads\/2021\/11\/encuentro-inter.jpg",659,318,false],"landscape":["https:\/\/internacionales.unicen.edu.ar\/wp-content\/uploads\/2021\/11\/encuentro-inter.jpg",659,318,false],"portraits":["https:\/\/internacionales.unicen.edu.ar\/wp-content\/uploads\/2021\/11\/encuentro-inter.jpg",659,318,false],"thumbnail":["https:\/\/internacionales.unicen.edu.ar\/wp-content\/uploads\/2021\/11\/encuentro-inter-150x150.jpg",150,150,true],"medium":["https:\/\/internacionales.unicen.edu.ar\/wp-content\/uploads\/2021\/11\/encuentro-inter-300x145.jpg",300,145,true],"large":["https:\/\/internacionales.unicen.edu.ar\/wp-content\/uploads\/2021\/11\/encuentro-inter.jpg",659,318,false],"1536x1536":["https:\/\/internacionales.unicen.edu.ar\/wp-content\/uploads\/2021\/11\/encuentro-inter.jpg",659,318,false],"2048x2048":["https:\/\/internacionales.unicen.edu.ar\/wp-content\/uploads\/2021\/11\/encuentro-inter.jpg",659,318,false],"hestia-blog":["https:\/\/internacionales.unicen.edu.ar\/wp-content\/uploads\/2021\/11\/encuentro-inter-360x240.jpg",360,240,true]},"rttpg_author":{"display_name":"bernardo barcena","author_link":"https:\/\/internacionales.unicen.edu.ar\/?author=3"},"rttpg_comment":0,"rttpg_category":"<a href=\"https:\/\/internacionales.unicen.edu.ar\/?cat=4\" rel=\"category\">abierta<\/a> <a href=\"https:\/\/internacionales.unicen.edu.ar\/?cat=3\" rel=\"category\">Uncategorized<\/a>","rttpg_excerpt":"La Direcci\u00f3n de Relaciones Internacionales se encuentra participando en la elaboraci\u00f3n del proyecto \u201cLa Internacionalizaci\u00f3n Integral de la UNICEN: estrategias y acciones para su promoci\u00f3n desde la virtualidad\u201d. En el marco del Ciclo de Acompa\u00f1amiento. Iniciativa de apoyo al desarrollo de estrategias virtuales para la internacionalizaci\u00f3n integral del Programa de [&hellip;]","_links":{"self":[{"href":"https:\/\/internacionales.unicen.edu.ar\/index.php?rest_route=\/wp\/v2\/posts\/3190","targetHints":{"allow":["GET"]}}],"collection":[{"href":"https:\/\/internacionales.unicen.edu.ar\/index.php?rest_route=\/wp\/v2\/posts"}],"about":[{"href":"https:\/\/internacionales.unicen.edu.ar\/index.php?rest_route=\/wp\/v2\/types\/post"}],"author":[{"embeddable":true,"href":"https:\/\/internacionales.unicen.edu.ar\/index.php?rest_route=\/wp\/v2\/users\/3"}],"replies":[{"embeddable":true,"href":"https:\/\/internacionales.unicen.edu.ar\/index.php?rest_route=%2Fwp%2Fv2%2Fcomments&post=3190"}],"version-history":[{"count":12,"href":"https:\/\/internacionales.unicen.edu.ar\/index.php?rest_route=\/wp\/v2\/posts\/3190\/revisions"}],"predecessor-version":[{"id":4783,"href":"https:\/\/internacionales.unicen.edu.ar\/index.php?rest_route=\/wp\/v2\/posts\/3190\/revisions\/4783"}],"wp:featuredmedia":[{"embeddable":true,"href":"https:\/\/internacionales.unicen.edu.ar\/index.php?rest_route=\/wp\/v2\/media\/3588"}],"wp:attachment":[{"href":"https:\/\/internacionales.unicen.edu.ar\/index.php?rest_route=%2Fwp%2Fv2%2Fmedia&parent=3190"}],"wp:term":[{"taxonomy":"category","embeddable":true,"href":"https:\/\/internacionales.unicen.edu.ar\/index.php?rest_route=%2Fwp%2Fv2%2Fcategories&post=3190"},{"taxonomy":"post_tag","embeddable":true,"href":"https:\/\/internacionales.unicen.edu.ar\/index.php?rest_route=%2Fwp%2Fv2%2Ftags&post=3190"}],"curies":[{"name":"wp","href":"https:\/\/api.w.org\/{rel}","templated":true}]}}