{"id":4748,"date":"2025-06-03T12:34:25","date_gmt":"2025-06-03T15:34:25","guid":{"rendered":"https:\/\/internacionales.unicen.edu.ar\/?p=4748"},"modified":"2025-07-08T10:11:10","modified_gmt":"2025-07-08T13:11:10","slug":"jornada-de-finalizacion-del-primer-curso-de-chino-en-unicen-2024","status":"publish","type":"post","link":"https:\/\/internacionales.unicen.edu.ar\/?p=4748","title":{"rendered":"Jornada de finalizaci\u00f3n del primer curso de chino en UNICEN 2024"},"content":{"rendered":"\t\t<div data-elementor-type=\"wp-post\" data-elementor-id=\"4748\" class=\"elementor elementor-4748\">\n\t\t\t\t<div class=\"elementor-element elementor-element-9f199d9 e-flex e-con-boxed e-con e-parent\" data-id=\"9f199d9\" data-element_type=\"container\">\n\t\t\t\t\t<div class=\"e-con-inner\">\n\t\t\t\t<div class=\"elementor-element elementor-element-ba2cb97 elementor-widget elementor-widget-text-editor\" data-id=\"ba2cb97\" data-element_type=\"widget\" data-widget_type=\"text-editor.default\">\n\t\t\t\t<div class=\"elementor-widget-container\">\n\t\t\t\t\t\t\t\t\t<p><span style=\"font-weight: 400;\">El viernes primero de noviembre de 2024 en el Rectorado de la Universidad se concret\u00f3 la jornada de finalizaci\u00f3n del primer curso de chino en la UNICEN.<\/span><\/p><p><span style=\"font-weight: 400;\">Cont\u00f3 con la participaci\u00f3n de la Prof. Alicia Spinello, vicerrectora, la mag. Natalia Giamberardino, secretaria acad\u00e9mica y la Lic. In\u00e9s Sack, directora de relaciones internacionales de la UNICEN. Adem\u00e1s, de forma virtual se cont\u00f3 con la conferencia de Li Ni, decana del Instituto de Lenguas Europeas de la Universidad de Lenguas Extranjeras de Dalian, Rep\u00fablica Popular China, quien disert\u00f3 sobre \u201cEl mensaje est\u00e9tico del car\u00e1cter chino \u201c\u6d77 &#8211; h\u0103i\u201d (mar).<\/span><\/p><p><span style=\"font-weight: 400;\">Seguidamente se procedi\u00f3 a la entrega de los certificados a los docentes del curso de chino: prof. Zhao Andr\u00e9s Hongliang y la prof. Li Aurora Yuening, estudiantes de posgrado de la Universidad de Lenguas Extranjeras de Dali\u00e1n, quienes desarrollaron sus estudios en la Facultad de Arte y en la Facultad de Ciencias Humanas, respectivamente.<\/span><\/p><p><span style=\"font-weight: 400;\">La jornada finaliz\u00f3 con la entrega de certificados a los estudiantes del curso, procedentes de\u00a0 Rectorado y de las Facultades de Ciencias Humanas, Arte, Ciencias Exactas, Ciencias Veterinarias, Agronom\u00eda, Derecho e Ingenier\u00eda: Cecilia Martinefsky, Franco Chiodi, Lucia Irene Lapenta, Santiago R\u00e1bago, Mar\u00eda de los Milagros \u00c1lvarez, Patricia Mart\u00ednez Castillo, Mar\u00eda Valentina Montiquin, Ridao Maira Sol, Pablo Molina, Gabriela Hern\u00e1ndez, Delfina Campanella, Agust\u00edn Barber\u00f3n, Paloma Castiglione, Gustavo Illescas, Aldana Pinto de Almeida Castro, Leonardo Ort\u00edz y Alberto Garc\u00eda Espil.<\/span><\/p><p><span style=\"font-weight: 400;\">Con esta acci\u00f3n se profundiza la cooperaci\u00f3n en curso con la Universidad de Lenguas Extranjeras de Dali\u00e1n, vinculaci\u00f3n iniciada en 2023 con la firma de un convenio marco de colaboraci\u00f3n entre las universidades.<\/span><\/p>\t\t\t\t\t\t\t\t<\/div>\n\t\t\t\t<\/div>\n\t\t\t\t<div class=\"elementor-element elementor-element-eb8548e elementor-widget elementor-widget-image\" data-id=\"eb8548e\" data-element_type=\"widget\" data-widget_type=\"image.default\">\n\t\t\t\t<div class=\"elementor-widget-container\">\n\t\t\t\t\t\t\t\t\t\t\t\t\t\t\t<img fetchpriority=\"high\" decoding=\"async\" width=\"750\" height=\"500\" src=\"https:\/\/internacionales.unicen.edu.ar\/wp-content\/uploads\/2025\/07\/Jornada-3-1024x682.jpeg\" class=\"attachment-large size-large wp-image-4774\" alt=\"\" srcset=\"https:\/\/internacionales.unicen.edu.ar\/wp-content\/uploads\/2025\/07\/Jornada-3-1024x682.jpeg 1024w, https:\/\/internacionales.unicen.edu.ar\/wp-content\/uploads\/2025\/07\/Jornada-3-300x200.jpeg 300w, https:\/\/internacionales.unicen.edu.ar\/wp-content\/uploads\/2025\/07\/Jornada-3-768x512.jpeg 768w, https:\/\/internacionales.unicen.edu.ar\/wp-content\/uploads\/2025\/07\/Jornada-3-360x240.jpeg 360w, https:\/\/internacionales.unicen.edu.ar\/wp-content\/uploads\/2025\/07\/Jornada-3.jpeg 1280w\" sizes=\"(max-width: 750px) 100vw, 750px\" \/>\t\t\t\t\t\t\t\t\t\t\t\t\t\t\t<\/div>\n\t\t\t\t<\/div>\n\t\t\t\t\t<\/div>\n\t\t\t\t<\/div>\n\t\t<div class=\"elementor-element elementor-element-0c3546e e-flex e-con-boxed e-con e-parent\" data-id=\"0c3546e\" data-element_type=\"container\">\n\t\t\t\t\t<div class=\"e-con-inner\">\n\t\t\t\t<div class=\"elementor-element elementor-element-0b020f1 elementor-widget elementor-widget-image\" data-id=\"0b020f1\" data-element_type=\"widget\" data-widget_type=\"image.default\">\n\t\t\t\t<div class=\"elementor-widget-container\">\n\t\t\t\t\t\t\t\t\t\t\t\t\t\t\t<img decoding=\"async\" width=\"750\" height=\"500\" src=\"https:\/\/internacionales.unicen.edu.ar\/wp-content\/uploads\/2025\/07\/Jornada-2-1024x682.jpeg\" class=\"attachment-large size-large wp-image-4773\" alt=\"\" srcset=\"https:\/\/internacionales.unicen.edu.ar\/wp-content\/uploads\/2025\/07\/Jornada-2-1024x682.jpeg 1024w, https:\/\/internacionales.unicen.edu.ar\/wp-content\/uploads\/2025\/07\/Jornada-2-300x200.jpeg 300w, https:\/\/internacionales.unicen.edu.ar\/wp-content\/uploads\/2025\/07\/Jornada-2-768x512.jpeg 768w, https:\/\/internacionales.unicen.edu.ar\/wp-content\/uploads\/2025\/07\/Jornada-2-360x240.jpeg 360w, https:\/\/internacionales.unicen.edu.ar\/wp-content\/uploads\/2025\/07\/Jornada-2.jpeg 1280w\" sizes=\"(max-width: 750px) 100vw, 750px\" \/>\t\t\t\t\t\t\t\t\t\t\t\t\t\t\t<\/div>\n\t\t\t\t<\/div>\n\t\t\t\t<div class=\"elementor-element elementor-element-007b27e elementor-widget elementor-widget-image\" data-id=\"007b27e\" data-element_type=\"widget\" data-widget_type=\"image.default\">\n\t\t\t\t<div class=\"elementor-widget-container\">\n\t\t\t\t\t\t\t\t\t\t\t\t\t\t\t<img decoding=\"async\" width=\"750\" height=\"500\" src=\"https:\/\/internacionales.unicen.edu.ar\/wp-content\/uploads\/2025\/07\/Jornada-finalziacion-Chino-1-1024x682.jpeg\" class=\"attachment-large size-large wp-image-4772\" alt=\"\" srcset=\"https:\/\/internacionales.unicen.edu.ar\/wp-content\/uploads\/2025\/07\/Jornada-finalziacion-Chino-1-1024x682.jpeg 1024w, https:\/\/internacionales.unicen.edu.ar\/wp-content\/uploads\/2025\/07\/Jornada-finalziacion-Chino-1-300x200.jpeg 300w, https:\/\/internacionales.unicen.edu.ar\/wp-content\/uploads\/2025\/07\/Jornada-finalziacion-Chino-1-768x512.jpeg 768w, https:\/\/internacionales.unicen.edu.ar\/wp-content\/uploads\/2025\/07\/Jornada-finalziacion-Chino-1-360x240.jpeg 360w, https:\/\/internacionales.unicen.edu.ar\/wp-content\/uploads\/2025\/07\/Jornada-finalziacion-Chino-1.jpeg 1280w\" sizes=\"(max-width: 750px) 100vw, 750px\" \/>\t\t\t\t\t\t\t\t\t\t\t\t\t\t\t<\/div>\n\t\t\t\t<\/div>\n\t\t\t\t\t<\/div>\n\t\t\t\t<\/div>\n\t\t\t\t<\/div>\n\t\t","protected":false},"excerpt":{"rendered":"<p>El viernes primero de noviembre de 2024 en el Rectorado de la Universidad se concret\u00f3 la jornada de finalizaci\u00f3n del primer curso de chino en la UNICEN. Cont\u00f3 con la participaci\u00f3n de la Prof. Alicia Spinello, vicerrectora, la mag. Natalia Giamberardino, secretaria acad\u00e9mica y la Lic. In\u00e9s Sack, directora de [&hellip;]<\/p>\n","protected":false},"author":6,"featured_media":0,"comment_status":"open","ping_status":"open","sticky":false,"template":"","format":"standard","meta":{"footnotes":""},"categories":[1],"tags":[],"class_list":["post-4748","post","type-post","status-publish","format-standard","hentry","category-sin-categoria"],"rttpg_featured_image_url":null,"rttpg_author":{"display_name":"DRI","author_link":"https:\/\/internacionales.unicen.edu.ar\/?author=6"},"rttpg_comment":31,"rttpg_category":"<a href=\"https:\/\/internacionales.unicen.edu.ar\/?cat=1\" rel=\"category\">Sin categor\u00eda<\/a>","rttpg_excerpt":"El viernes primero de noviembre de 2024 en el Rectorado de la Universidad se concret\u00f3 la jornada de finalizaci\u00f3n del primer curso de chino en la UNICEN. Cont\u00f3 con la participaci\u00f3n de la Prof. Alicia Spinello, vicerrectora, la mag. Natalia Giamberardino, secretaria acad\u00e9mica y la Lic. In\u00e9s Sack, directora de [&hellip;]","_links":{"self":[{"href":"https:\/\/internacionales.unicen.edu.ar\/index.php?rest_route=\/wp\/v2\/posts\/4748","targetHints":{"allow":["GET"]}}],"collection":[{"href":"https:\/\/internacionales.unicen.edu.ar\/index.php?rest_route=\/wp\/v2\/posts"}],"about":[{"href":"https:\/\/internacionales.unicen.edu.ar\/index.php?rest_route=\/wp\/v2\/types\/post"}],"author":[{"embeddable":true,"href":"https:\/\/internacionales.unicen.edu.ar\/index.php?rest_route=\/wp\/v2\/users\/6"}],"replies":[{"embeddable":true,"href":"https:\/\/internacionales.unicen.edu.ar\/index.php?rest_route=%2Fwp%2Fv2%2Fcomments&post=4748"}],"version-history":[{"count":7,"href":"https:\/\/internacionales.unicen.edu.ar\/index.php?rest_route=\/wp\/v2\/posts\/4748\/revisions"}],"predecessor-version":[{"id":4781,"href":"https:\/\/internacionales.unicen.edu.ar\/index.php?rest_route=\/wp\/v2\/posts\/4748\/revisions\/4781"}],"wp:attachment":[{"href":"https:\/\/internacionales.unicen.edu.ar\/index.php?rest_route=%2Fwp%2Fv2%2Fmedia&parent=4748"}],"wp:term":[{"taxonomy":"category","embeddable":true,"href":"https:\/\/internacionales.unicen.edu.ar\/index.php?rest_route=%2Fwp%2Fv2%2Fcategories&post=4748"},{"taxonomy":"post_tag","embeddable":true,"href":"https:\/\/internacionales.unicen.edu.ar\/index.php?rest_route=%2Fwp%2Fv2%2Ftags&post=4748"}],"curies":[{"name":"wp","href":"https:\/\/api.w.org\/{rel}","templated":true}]}}