{"id":4753,"date":"2025-12-22T13:14:53","date_gmt":"2025-12-22T16:14:53","guid":{"rendered":"https:\/\/internacionales.unicen.edu.ar\/?p=4753"},"modified":"2025-12-22T13:26:40","modified_gmt":"2025-12-22T16:26:40","slug":"elementor-4753","status":"publish","type":"post","link":"https:\/\/internacionales.unicen.edu.ar\/?p=4753","title":{"rendered":"Jornada Multicultural Universitaria 2025"},"content":{"rendered":"\t\t<div data-elementor-type=\"wp-post\" data-elementor-id=\"4753\" class=\"elementor elementor-4753\">\n\t\t\t\t<div class=\"elementor-element elementor-element-de58c9c e-flex e-con-boxed e-con e-parent\" data-id=\"de58c9c\" data-element_type=\"container\">\n\t\t\t\t\t<div class=\"e-con-inner\">\n\t\t\t\t<div class=\"elementor-element elementor-element-db6b06b elementor-widget elementor-widget-heading\" data-id=\"db6b06b\" data-element_type=\"widget\" data-widget_type=\"heading.default\">\n\t\t\t\t<div class=\"elementor-widget-container\">\n\t\t\t\t\t<h2 class=\"elementor-heading-title elementor-size-default\">Jornada Multicultural Universitaria 2025<\/h2>\t\t\t\t<\/div>\n\t\t\t\t<\/div>\n\t\t\t\t\t<\/div>\n\t\t\t\t<\/div>\n\t\t<div class=\"elementor-element elementor-element-46814e8 e-flex e-con-boxed e-con e-parent\" data-id=\"46814e8\" data-element_type=\"container\">\n\t\t\t\t\t<div class=\"e-con-inner\">\n\t\t\t\t<div class=\"elementor-element elementor-element-e4aa20f elementor-widget elementor-widget-text-editor\" data-id=\"e4aa20f\" data-element_type=\"widget\" data-widget_type=\"text-editor.default\">\n\t\t\t\t<div class=\"elementor-widget-container\">\n\t\t\t\t\t\t\t\t\t<p><span style=\"font-weight: 400;\">Con el lema \u201cInternacionaliz\u00e1 tu futuro: conect\u00e1, aprend\u00e9, despeg\u00e1\u201d la Direcci\u00f3n de Relaciones Internacionales de la Secretar\u00eda de Relaciones Institucionales llev\u00f3 a cabo la Jornada Multicultural Universitaria 2025 el d\u00eda viernes 30 de mayo a las 10hs con modalidad h\u00edbrida en el sal\u00f3n auditorium de la Biblioteca Central.<\/span><\/p><p><\/p><p><span style=\"font-weight: 400;\">La Jornada inici\u00f3 con las palabras de la Directora de Relaciones Internacionales, Lic. In\u00e9s Sack, quien resalt\u00f3 la importancia de contar con un perfil internacional y multicultural, informarse sobre becas y convocatorias y aprovechar los programas y redes de los que nuestra Universidad forma parte.<\/span><\/p><p><\/p><p><span style=\"font-weight: 400;\">La Jornada cont\u00f3 con un panel de experiencias internacionales (en UNICEN y en el mundo), coordinado por el Dr. Facundo Carcedo, en el que estudiantes y docentes contaron c\u00f3mo han sido sus experiencias y compartieron todo lo que es necesario saber para presentarse a una convocatoria internacional.<\/span><\/p><p><\/p><p><span style=\"font-weight: 400;\">Este panel cont\u00f3 con la participaci\u00f3n de la Dra. Silvina Gutierrez, docente en la Facultad de Ciencias Veterinarias, que realiz\u00f3 una estancia en VetAgro Sup de Lyon (Francia) en el marco del programa ARFAGRI (Argentina-Francia Agricultura) durante 2024.<\/span><\/p><p><\/p><p><span style=\"font-weight: 400;\">Adem\u00e1s, desde Francia, la estudiante de la Facultad de Ciencias Exactas Delfina Ferreri, comparti\u00f3 los desaf\u00edos y oportunidades de tomar cursos en CESI \u00c9cole d\u2019Ingenieurs en Toulouse (Francia) en el marco del programa ARFITEC (Argentina-Francia Ingenier\u00edas Tecnolog\u00eda).\u00a0<\/span><\/p><p><\/p><p><span style=\"font-weight: 400;\">Por su parte, la estudiante avanzada de Abogac\u00eda en la Facultad de Derecho, Soledad C\u00e1ceres relat\u00f3 su experiencia de participaci\u00f3n en el Programa de Intercambio Acad\u00e9mico Latinoamericano (PILA), un programa de intercambio virtual mediante el cual los estudiantes de grado y posgrado tienen la posibilidad de tomar cursos en otra universidad miembro del programa.<\/span><\/p><p><\/p><p><span style=\"font-weight: 400;\">Asimismo, contamos con la presencia del estudiante Jorge Sandoval, oriundo de la Universidad Aut\u00f3noma de Baja California (M\u00e9xico), quien se encuentra desarrollando un intercambio en la Facultad de Ingenier\u00eda en el marco del convenio entre la UNICEN y la UABC.\u00a0<\/span><\/p><p><\/p><p><span style=\"font-weight: 400;\">El segundo panel titulado \u201c\u00bfSab\u00edas que pod\u00e9s certificar las actividades internacionales en tu t\u00edtulo de grado?\u201d fue desarrollado por la Dra. Romina Loray, responsable de Proyectos Internacionales de la Direcci\u00f3n de Relaciones Internacionales, quien inform\u00f3 a los\/as estudiantes sobre la posibilidad de utilizar el Suplemento al T\u00edtulo Universitario para certificar actividades de internacionalizaci\u00f3n.<\/span><\/p><p><\/p><p><span style=\"font-weight: 400;\">En el tercer panel, titulado \u201cformaci\u00f3n Ling\u00fc\u00edstica en franc\u00e9s con objetivo universitario\u201d, la prof. Pauline <\/span><span style=\"font-weight: 400;\">Fran\u00e7ois relat\u00f3 c\u00f3mo construy\u00f3 el curso pensando en hacer m\u00e1s significativos los intercambios internacionales a trav\u00e9s del acercamiento a la cultura franc\u00f3fona.<\/span><\/p><p><span style=\"font-weight: 400;\">Por \u00faltimo, el cuarto panel, cont\u00f3 con el acompa\u00f1amiento de la Prof. Soledad Di Croce, directora del Departamento de Lenguas de la Secretar\u00eda Acad\u00e9mica de UNICEN para difundir la amplia oferta de cursos de idiomas, que significan mayores oportunidades a becas internacionales.<\/span><\/p>\t\t\t\t\t\t\t\t<\/div>\n\t\t\t\t<\/div>\n\t\t\t\t\t<\/div>\n\t\t\t\t<\/div>\n\t\t<div class=\"elementor-element elementor-element-9366886 e-flex e-con-boxed e-con e-parent\" data-id=\"9366886\" data-element_type=\"container\">\n\t\t\t\t\t<div class=\"e-con-inner\">\n\t\t<div class=\"elementor-element elementor-element-854507e e-con-full e-flex e-con e-child\" data-id=\"854507e\" data-element_type=\"container\">\n\t\t\t\t<div class=\"elementor-element elementor-element-380cf96 elementor-widget elementor-widget-image\" data-id=\"380cf96\" data-element_type=\"widget\" data-widget_type=\"image.default\">\n\t\t\t\t<div class=\"elementor-widget-container\">\n\t\t\t\t\t\t\t\t\t\t\t\t\t\t\t<img fetchpriority=\"high\" decoding=\"async\" width=\"576\" height=\"1024\" src=\"https:\/\/internacionales.unicen.edu.ar\/wp-content\/uploads\/2025\/12\/IMG_20250530_113737528-2-576x1024.jpg\" class=\"attachment-large size-large wp-image-4826\" alt=\"\" srcset=\"https:\/\/internacionales.unicen.edu.ar\/wp-content\/uploads\/2025\/12\/IMG_20250530_113737528-2-576x1024.jpg 576w, https:\/\/internacionales.unicen.edu.ar\/wp-content\/uploads\/2025\/12\/IMG_20250530_113737528-2-169x300.jpg 169w, https:\/\/internacionales.unicen.edu.ar\/wp-content\/uploads\/2025\/12\/IMG_20250530_113737528-2-768x1365.jpg 768w, https:\/\/internacionales.unicen.edu.ar\/wp-content\/uploads\/2025\/12\/IMG_20250530_113737528-2-864x1536.jpg 864w, https:\/\/internacionales.unicen.edu.ar\/wp-content\/uploads\/2025\/12\/IMG_20250530_113737528-2-1153x2048.jpg 1153w, https:\/\/internacionales.unicen.edu.ar\/wp-content\/uploads\/2025\/12\/IMG_20250530_113737528-2-scaled.jpg 1441w\" sizes=\"(max-width: 576px) 100vw, 576px\" \/>\t\t\t\t\t\t\t\t\t\t\t\t\t\t\t<\/div>\n\t\t\t\t<\/div>\n\t\t\t\t<\/div>\n\t\t\t\t<div class=\"elementor-element elementor-element-8b8b3c3 elementor-widget elementor-widget-image\" data-id=\"8b8b3c3\" data-element_type=\"widget\" data-widget_type=\"image.default\">\n\t\t\t\t<div class=\"elementor-widget-container\">\n\t\t\t\t\t\t\t\t\t\t\t\t\t\t\t<img decoding=\"async\" width=\"576\" height=\"1024\" src=\"https:\/\/internacionales.unicen.edu.ar\/wp-content\/uploads\/2025\/12\/IMG_20250530_105236595-576x1024.jpg\" class=\"attachment-large size-large wp-image-4823\" alt=\"\" srcset=\"https:\/\/internacionales.unicen.edu.ar\/wp-content\/uploads\/2025\/12\/IMG_20250530_105236595-576x1024.jpg 576w, https:\/\/internacionales.unicen.edu.ar\/wp-content\/uploads\/2025\/12\/IMG_20250530_105236595-169x300.jpg 169w, https:\/\/internacionales.unicen.edu.ar\/wp-content\/uploads\/2025\/12\/IMG_20250530_105236595-768x1365.jpg 768w, https:\/\/internacionales.unicen.edu.ar\/wp-content\/uploads\/2025\/12\/IMG_20250530_105236595-864x1536.jpg 864w, https:\/\/internacionales.unicen.edu.ar\/wp-content\/uploads\/2025\/12\/IMG_20250530_105236595-1153x2048.jpg 1153w, https:\/\/internacionales.unicen.edu.ar\/wp-content\/uploads\/2025\/12\/IMG_20250530_105236595-scaled.jpg 1441w\" sizes=\"(max-width: 576px) 100vw, 576px\" \/>\t\t\t\t\t\t\t\t\t\t\t\t\t\t\t<\/div>\n\t\t\t\t<\/div>\n\t\t<div class=\"elementor-element elementor-element-16bd2a0 e-con-full e-flex e-con e-child\" data-id=\"16bd2a0\" data-element_type=\"container\">\n\t\t\t\t<div class=\"elementor-element elementor-element-e8cbe2e elementor-widget elementor-widget-image\" data-id=\"e8cbe2e\" data-element_type=\"widget\" data-widget_type=\"image.default\">\n\t\t\t\t<div class=\"elementor-widget-container\">\n\t\t\t\t\t\t\t\t\t\t\t\t\t\t\t<img decoding=\"async\" width=\"750\" height=\"422\" src=\"https:\/\/internacionales.unicen.edu.ar\/wp-content\/uploads\/2025\/12\/IMG_20250530_101138090-1024x576.jpg\" class=\"attachment-large size-large wp-image-4824\" alt=\"\" srcset=\"https:\/\/internacionales.unicen.edu.ar\/wp-content\/uploads\/2025\/12\/IMG_20250530_101138090-1024x576.jpg 1024w, https:\/\/internacionales.unicen.edu.ar\/wp-content\/uploads\/2025\/12\/IMG_20250530_101138090-300x169.jpg 300w, https:\/\/internacionales.unicen.edu.ar\/wp-content\/uploads\/2025\/12\/IMG_20250530_101138090-768x432.jpg 768w, https:\/\/internacionales.unicen.edu.ar\/wp-content\/uploads\/2025\/12\/IMG_20250530_101138090-1536x864.jpg 1536w, https:\/\/internacionales.unicen.edu.ar\/wp-content\/uploads\/2025\/12\/IMG_20250530_101138090-2048x1153.jpg 2048w\" sizes=\"(max-width: 750px) 100vw, 750px\" \/>\t\t\t\t\t\t\t\t\t\t\t\t\t\t\t<\/div>\n\t\t\t\t<\/div>\n\t\t\t\t<\/div>\n\t\t\t\t\t<\/div>\n\t\t\t\t<\/div>\n\t\t<div class=\"elementor-element elementor-element-e9ecb4c e-flex e-con-boxed e-con e-parent\" data-id=\"e9ecb4c\" data-element_type=\"container\">\n\t\t\t\t\t<div class=\"e-con-inner\">\n\t\t\t\t<div class=\"elementor-element elementor-element-7223604 meta-visibility-show section-title-style-style1 title_position_default title_hover_border_default title-default img_hover_animation_default meta_position_default tpg-is-author-icon-show author-image-visibility-icon tpg-category-position-default readmore-btn-default-style grid-hover-overlay-type-always grid-hover-overlay-height-default hover-overlay-height-default tpg-border-bottom-disable elementor-widget elementor-widget-tpg-grid-hover-layout\" data-id=\"7223604\" data-element_type=\"widget\" data-widget_type=\"tpg-grid-hover-layout.default\">\n\t\t\t\t<div class=\"elementor-widget-container\">\n\t\t\t\t\t\n        <div class=\"rt-container-fluid rt-tpg-container tpg-el-main-wrapper grid_hover-layout2-main \"\n             id=\"rt-tpg-container-917525056\"\n             data-layout=\"grid_hover-layout2\"\n             data-sc-id=\"elementor\"\n             data-el-settings=''\n             data-el-query=''\n             data-el-path=''\n        >\n\t\t\t            <div class='tpg-header-wrapper '>\n\t\t\t\t\n        <div class=\"tpg-widget-heading-wrapper rt-clear heading-style1 \">\n            <span class=\"tpg-widget-heading-line line-left\"><\/span>\n\t\t\t<h2 class='tpg-widget-heading'>\n\t\t\t\n\t\t\t\t                    <span>\n\t\t\t\t\t\tSection Title\t\t\t\t\t<\/span>\n\t\t\t\t\t\n\t\t\t\t\t\t\t<\/h2>            <span class=\"tpg-widget-heading-line line-right\"><\/span>\n\n\t\t\t\n        <\/div>\n\n\t\t\n\t\t            <\/div>\n\n            <div data-title=\"Loading ...\"\n                 class=\"rt-row rt-content-loader grid_hover-layout2 tpg-even grid-behaviour grid_hover_layout_wrapper\">\n\t\t\t\t\n<div class=\"rt-col-md-4 rt-col-sm-6 rt-col-xs-12 default rt-grid-hover-item rt-grid-item\" data-id=\"4753\">\n\t<div class=\"rt-holder tpg-post-holder\">\n\t\t<div class=\"rt-detail rt-el-content-wrapper\">\n\t\t\t\t\t\t\t<div class=\"rt-img-holder tpg-el-image-wrap has-no-thumbnail\">\n\t\t\t\t\t<a data-id=\"4753\" href=\"https:\/\/internacionales.unicen.edu.ar\/?p=4753\" class=\"tpg-post-link\" target=\"_self\">\t\t\n\t\t<\/a>\n\t\t        <div class=\"overlay grid-hover-content\"><\/div>\n\t\t\t\t\t\t<\/div>\n\t\t\t\n\t\t\t<div class=\"grid-hover-content\">\n\n\t\t\t\t<div class=\"entry-title-wrapper\"><h3 class=\"entry-title\"><a data-id=\"4753\" href=\"https:\/\/internacionales.unicen.edu.ar\/?p=4753\" class=\"tpg-post-link\" target=\"_self\">Jornada Multicultural Universitaria 2025<\/a><\/h3><\/div>\n\n\t\t\t\t\t\t\t\t\t<div class=\"post-meta-tags rt-el-post-meta\">\n\t\t\t\t\t\t            <span class='author '>\n\n\t\t\t\t<i class='fa fa-user '><\/i><span class='author-prefix'>By<\/span><a href=\"https:\/\/internacionales.unicen.edu.ar\/?author=6\">DRI<\/a>\t\t\t<\/span>\n\t\t\t            <span class='date'>\n\t\t\t\t<i class='far fa-calendar-alt '><\/i>\t\t\t\t                    <a href=\"https:\/\/internacionales.unicen.edu.ar\/?m=20251222\">\n\t\t\t\t\t22 diciembre, 2025\t\t\t\t<\/a>\n\t\t\t\t\t\t\t<\/span>\n\t\t\t            <span class='categories-links'>\n\t\t\t\t<i class='fas fa-folder-open '><\/i><a class=\"sin-categoria\" href=\"https:\/\/internacionales.unicen.edu.ar\/?cat=1\">Sin categor\u00eda<\/a>\n\t\t\t<\/span>\n\t\t\t\t\t\t\t\t<\/div>\n\t\t\t\t\n\t\t\t\t\t\t\t\t\t<div class=\"tpg-excerpt tpg-el-excerpt\">\n\t\t\t\t\t\t\t\t\t\t\t\t\t<div class=\"tpg-excerpt-inner\">\n\t\t\t\t\t\t\t\tJornada Multicultural Universitaria 2025 Con el lema \u201cInternacionaliz\u00e1 tu futuro: conect\u00e1, aprend\u00e9...\t\t\t\t\t\t\t<\/div>\n\t\t\t\t\t\t\t\t\t\t\t\t\t\t\t\t\t<\/div>\n\t\t\t\t\n\t\t\t\t        <div class=\"post-footer\">\n            <div class=\"post-footer\">\n                <div class=\"read-more\">\n\t\t\t\t\t<a data-id=\"4753\" href=\"https:\/\/internacionales.unicen.edu.ar\/?p=4753\" class=\"tpg-post-link\" target=\"_self\">Read More<\/a>                <\/div>\n            <\/div>\n        <\/div>\n\t\t\t\t\t<\/div>\n\t\t<\/div>\n\t<\/div>\n<\/div>\n\n<div class=\"rt-col-md-4 rt-col-sm-6 rt-col-xs-12 default rt-grid-hover-item rt-grid-item\" data-id=\"4748\">\n\t<div class=\"rt-holder tpg-post-holder\">\n\t\t<div class=\"rt-detail rt-el-content-wrapper\">\n\t\t\t\t\t\t\t<div class=\"rt-img-holder tpg-el-image-wrap has-no-thumbnail\">\n\t\t\t\t\t<a data-id=\"4748\" href=\"https:\/\/internacionales.unicen.edu.ar\/?p=4748\" class=\"tpg-post-link\" target=\"_self\">\t\t\n\t\t<\/a>\n\t\t        <div class=\"overlay grid-hover-content\"><\/div>\n\t\t\t\t\t\t<\/div>\n\t\t\t\n\t\t\t<div class=\"grid-hover-content\">\n\n\t\t\t\t<div class=\"entry-title-wrapper\"><h3 class=\"entry-title\"><a data-id=\"4748\" href=\"https:\/\/internacionales.unicen.edu.ar\/?p=4748\" class=\"tpg-post-link\" target=\"_self\">Jornada de finalizaci\u00f3n del primer curso de chino en UNICEN 2024<\/a><\/h3><\/div>\n\n\t\t\t\t\t\t\t\t\t<div class=\"post-meta-tags rt-el-post-meta\">\n\t\t\t\t\t\t            <span class='author '>\n\n\t\t\t\t<i class='fa fa-user '><\/i><span class='author-prefix'>By<\/span><a href=\"https:\/\/internacionales.unicen.edu.ar\/?author=6\">DRI<\/a>\t\t\t<\/span>\n\t\t\t            <span class='date'>\n\t\t\t\t<i class='far fa-calendar-alt '><\/i>\t\t\t\t                    <a href=\"https:\/\/internacionales.unicen.edu.ar\/?m=20250603\">\n\t\t\t\t\t3 junio, 2025\t\t\t\t<\/a>\n\t\t\t\t\t\t\t<\/span>\n\t\t\t            <span class='categories-links'>\n\t\t\t\t<i class='fas fa-folder-open '><\/i><a class=\"sin-categoria\" href=\"https:\/\/internacionales.unicen.edu.ar\/?cat=1\">Sin categor\u00eda<\/a>\n\t\t\t<\/span>\n\t\t\t\t\t\t\t\t<\/div>\n\t\t\t\t\n\t\t\t\t\t\t\t\t\t<div class=\"tpg-excerpt tpg-el-excerpt\">\n\t\t\t\t\t\t\t\t\t\t\t\t\t<div class=\"tpg-excerpt-inner\">\n\t\t\t\t\t\t\t\tEl viernes primero de noviembre de 2024 en el Rectorado de la Universidad se concret\u00f3 la jornada de...\t\t\t\t\t\t\t<\/div>\n\t\t\t\t\t\t\t\t\t\t\t\t\t\t\t\t\t<\/div>\n\t\t\t\t\n\t\t\t\t        <div class=\"post-footer\">\n            <div class=\"post-footer\">\n                <div class=\"read-more\">\n\t\t\t\t\t<a data-id=\"4748\" href=\"https:\/\/internacionales.unicen.edu.ar\/?p=4748\" class=\"tpg-post-link\" target=\"_self\">Read More<\/a>                <\/div>\n            <\/div>\n        <\/div>\n\t\t\t\t\t<\/div>\n\t\t<\/div>\n\t<\/div>\n<\/div>\n\n<div class=\"rt-col-md-4 rt-col-sm-6 rt-col-xs-12 default rt-grid-hover-item rt-grid-item\" data-id=\"4094\">\n\t<div class=\"rt-holder tpg-post-holder\">\n\t\t<div class=\"rt-detail rt-el-content-wrapper\">\n\t\t\t\t\t\t\t<div class=\"rt-img-holder tpg-el-image-wrap has-no-thumbnail\">\n\t\t\t\t\t<a data-id=\"4094\" href=\"https:\/\/internacionales.unicen.edu.ar\/?p=4094\" class=\"tpg-post-link\" target=\"_self\">\t\t\n\t\t<\/a>\n\t\t        <div class=\"overlay grid-hover-content\"><\/div>\n\t\t\t\t\t\t<\/div>\n\t\t\t\n\t\t\t<div class=\"grid-hover-content\">\n\n\t\t\t\t<div class=\"entry-title-wrapper\"><h3 class=\"entry-title\"><a data-id=\"4094\" href=\"https:\/\/internacionales.unicen.edu.ar\/?p=4094\" class=\"tpg-post-link\" target=\"_self\">Ciclo de Acompa\u00f1amiento: Iniciativa de apoyo al desarrollo de estrategias virtuales para la internacionalizaci\u00f3n integral.<\/a><\/h3><\/div>\n\n\t\t\t\t\t\t\t\t\t<div class=\"post-meta-tags rt-el-post-meta\">\n\t\t\t\t\t\t            <span class='author '>\n\n\t\t\t\t<i class='fa fa-user '><\/i><span class='author-prefix'>By<\/span><a href=\"https:\/\/internacionales.unicen.edu.ar\/?author=1\">soporte<\/a>\t\t\t<\/span>\n\t\t\t            <span class='date'>\n\t\t\t\t<i class='far fa-calendar-alt '><\/i>\t\t\t\t                    <a href=\"https:\/\/internacionales.unicen.edu.ar\/?m=20241216\">\n\t\t\t\t\t16 diciembre, 2024\t\t\t\t<\/a>\n\t\t\t\t\t\t\t<\/span>\n\t\t\t            <span class='categories-links'>\n\t\t\t\t<i class='fas fa-folder-open '><\/i><a class=\"uncategorized\" href=\"https:\/\/internacionales.unicen.edu.ar\/?cat=3\">Uncategorized<\/a>\n\t\t\t<\/span>\n\t\t\t\t\t\t\t\t<\/div>\n\t\t\t\t\n\t\t\t\t\t\t\t\t\t<div class=\"tpg-excerpt tpg-el-excerpt\">\n\t\t\t\t\t\t\t\t\t\t\t\t\t<div class=\"tpg-excerpt-inner\">\n\t\t\t\t\t\t\t\tLa Direcci\u00f3n de Relaciones Internacionales se encuentra participando en la elaboraci\u00f3n del proyecto...\t\t\t\t\t\t\t<\/div>\n\t\t\t\t\t\t\t\t\t\t\t\t\t\t\t\t\t<\/div>\n\t\t\t\t\n\t\t\t\t        <div class=\"post-footer\">\n            <div class=\"post-footer\">\n                <div class=\"read-more\">\n\t\t\t\t\t<a data-id=\"4094\" href=\"https:\/\/internacionales.unicen.edu.ar\/?p=4094\" class=\"tpg-post-link\" target=\"_self\">Read More<\/a>                <\/div>\n            <\/div>\n        <\/div>\n\t\t\t\t\t<\/div>\n\t\t<\/div>\n\t<\/div>\n<\/div>\n\n<div class=\"rt-col-md-4 rt-col-sm-6 rt-col-xs-12 default rt-grid-hover-item rt-grid-item\" data-id=\"3548\">\n\t<div class=\"rt-holder tpg-post-holder\">\n\t\t<div class=\"rt-detail rt-el-content-wrapper\">\n\t\t\t\t\t\t\t<div class=\"rt-img-holder tpg-el-image-wrap has-thumbnail\">\n\t\t\t\t\t<a data-id=\"3548\" href=\"https:\/\/internacionales.unicen.edu.ar\/?p=3548\" class=\"tpg-post-link\" target=\"_self\">                        <img loading=\"lazy\" decoding=\"async\" src=\"https:\/\/internacionales.unicen.edu.ar\/wp-content\/uploads\/2023\/06\/BUSCADOR-768x351.png\"\n                             class=\"rt-img-responsive\"\n                             width=\"750\"\n                             height=\"343\"\n                             alt=\"La Provincia de Buenos Aires cre\u00f3 un buscador de posgrados universitarios.\">\n\t\t\t\t\t\t\n\t\t\t\t\t\t\t\n\t\t<\/a>\n\t\t        <div class=\"overlay grid-hover-content\"><\/div>\n\t\t\t\t\t\t<\/div>\n\t\t\t\n\t\t\t<div class=\"grid-hover-content\">\n\n\t\t\t\t<div class=\"entry-title-wrapper\"><h3 class=\"entry-title\"><a data-id=\"3548\" href=\"https:\/\/internacionales.unicen.edu.ar\/?p=3548\" class=\"tpg-post-link\" target=\"_self\">La Provincia de Buenos Aires cre\u00f3 un buscador de posgrados universitarios.<\/a><\/h3><\/div>\n\n\t\t\t\t\t\t\t\t\t<div class=\"post-meta-tags rt-el-post-meta\">\n\t\t\t\t\t\t            <span class='author '>\n\n\t\t\t\t<i class='fa fa-user '><\/i><span class='author-prefix'>By<\/span><a href=\"https:\/\/internacionales.unicen.edu.ar\/?author=2\">admin<\/a>\t\t\t<\/span>\n\t\t\t            <span class='date'>\n\t\t\t\t<i class='far fa-calendar-alt '><\/i>\t\t\t\t                    <a href=\"https:\/\/internacionales.unicen.edu.ar\/?m=20230612\">\n\t\t\t\t\t12 junio, 2023\t\t\t\t<\/a>\n\t\t\t\t\t\t\t<\/span>\n\t\t\t            <span class='categories-links'>\n\t\t\t\t<i class='fas fa-folder-open '><\/i><a class=\"sin-categoria\" href=\"https:\/\/internacionales.unicen.edu.ar\/?cat=1\">Sin categor\u00eda<\/a>\n\t\t\t<\/span>\n\t\t\t\t\t\t\t\t<\/div>\n\t\t\t\t\n\t\t\t\t\t\t\t\t\t<div class=\"tpg-excerpt tpg-el-excerpt\">\n\t\t\t\t\t\t\t\t\t\t\t\t\t<div class=\"tpg-excerpt-inner\">\n\t\t\t\t\t\t\t\tLa plataforma permite realizar b\u00fasquedas por modalidad de cursada, universidad, \u00e1reatem\u00e1tica, y...\t\t\t\t\t\t\t<\/div>\n\t\t\t\t\t\t\t\t\t\t\t\t\t\t\t\t\t<\/div>\n\t\t\t\t\n\t\t\t\t        <div class=\"post-footer\">\n            <div class=\"post-footer\">\n                <div class=\"read-more\">\n\t\t\t\t\t<a data-id=\"3548\" href=\"https:\/\/internacionales.unicen.edu.ar\/?p=3548\" class=\"tpg-post-link\" target=\"_self\">Read More<\/a>                <\/div>\n            <\/div>\n        <\/div>\n\t\t\t\t\t<\/div>\n\t\t<\/div>\n\t<\/div>\n<\/div>\n\n<div class=\"rt-col-md-4 rt-col-sm-6 rt-col-xs-12 default rt-grid-hover-item rt-grid-item\" data-id=\"3190\">\n\t<div class=\"rt-holder tpg-post-holder\">\n\t\t<div class=\"rt-detail rt-el-content-wrapper\">\n\t\t\t\t\t\t\t<div class=\"rt-img-holder tpg-el-image-wrap has-thumbnail\">\n\t\t\t\t\t<a data-id=\"3190\" href=\"https:\/\/internacionales.unicen.edu.ar\/?p=3190\" class=\"tpg-post-link\" target=\"_self\">                        <img loading=\"lazy\" decoding=\"async\" src=\"https:\/\/internacionales.unicen.edu.ar\/wp-content\/uploads\/2021\/11\/encuentro-inter.jpg\"\n                             class=\"rt-img-responsive\"\n                             width=\"659\"\n                             height=\"318\"\n                             alt=\"Ciclo de Acompa\u00f1amiento: Iniciativa de apoyo al desarrollo de estrategias virtuales para la internacionalizaci\u00f3n integral.\">\n\t\t\t\t\t\t\n\t\t\t\t\t\t\t\n\t\t<\/a>\n\t\t        <div class=\"overlay grid-hover-content\"><\/div>\n\t\t\t\t\t\t<\/div>\n\t\t\t\n\t\t\t<div class=\"grid-hover-content\">\n\n\t\t\t\t<div class=\"entry-title-wrapper\"><h3 class=\"entry-title\"><a data-id=\"3190\" href=\"https:\/\/internacionales.unicen.edu.ar\/?p=3190\" class=\"tpg-post-link\" target=\"_self\">Ciclo de Acompa\u00f1amiento: Iniciativa de apoyo al desarrollo de estrategias virtuales para la internacionalizaci\u00f3n integral.<\/a><\/h3><\/div>\n\n\t\t\t\t\t\t\t\t\t<div class=\"post-meta-tags rt-el-post-meta\">\n\t\t\t\t\t\t            <span class='author '>\n\n\t\t\t\t<i class='fa fa-user '><\/i><span class='author-prefix'>By<\/span><a href=\"https:\/\/internacionales.unicen.edu.ar\/?author=3\">bernardo barcena<\/a>\t\t\t<\/span>\n\t\t\t            <span class='date'>\n\t\t\t\t<i class='far fa-calendar-alt '><\/i>\t\t\t\t                    <a href=\"https:\/\/internacionales.unicen.edu.ar\/?m=20211117\">\n\t\t\t\t\t17 noviembre, 2021\t\t\t\t<\/a>\n\t\t\t\t\t\t\t<\/span>\n\t\t\t            <span class='categories-links'>\n\t\t\t\t<i class='fas fa-folder-open '><\/i><a class=\"abierta\" href=\"https:\/\/internacionales.unicen.edu.ar\/?cat=4\">abierta<\/a><span class=\"rt-separator\">,<\/span><a class=\"uncategorized\" href=\"https:\/\/internacionales.unicen.edu.ar\/?cat=3\">Uncategorized<\/a>\n\t\t\t<\/span>\n\t\t\t\t\t\t\t\t<\/div>\n\t\t\t\t\n\t\t\t\t\t\t\t\t\t<div class=\"tpg-excerpt tpg-el-excerpt\">\n\t\t\t\t\t\t\t\t\t\t\t\t\t<div class=\"tpg-excerpt-inner\">\n\t\t\t\t\t\t\t\tLa Direcci\u00f3n de Relaciones Internacionales se encuentra participando en la elaboraci\u00f3n del proyecto...\t\t\t\t\t\t\t<\/div>\n\t\t\t\t\t\t\t\t\t\t\t\t\t\t\t\t\t<\/div>\n\t\t\t\t\n\t\t\t\t        <div class=\"post-footer\">\n            <div class=\"post-footer\">\n                <div class=\"read-more\">\n\t\t\t\t\t<a data-id=\"3190\" href=\"https:\/\/internacionales.unicen.edu.ar\/?p=3190\" class=\"tpg-post-link\" target=\"_self\">Read More<\/a>                <\/div>\n            <\/div>\n        <\/div>\n\t\t\t\t\t<\/div>\n\t\t<\/div>\n\t<\/div>\n<\/div>\n\n<div class=\"rt-col-md-4 rt-col-sm-6 rt-col-xs-12 default rt-grid-hover-item rt-grid-item\" data-id=\"3187\">\n\t<div class=\"rt-holder tpg-post-holder\">\n\t\t<div class=\"rt-detail rt-el-content-wrapper\">\n\t\t\t\t\t\t\t<div class=\"rt-img-holder tpg-el-image-wrap has-thumbnail\">\n\t\t\t\t\t<a data-id=\"3187\" href=\"https:\/\/internacionales.unicen.edu.ar\/?p=3187\" class=\"tpg-post-link\" target=\"_self\">                        <img loading=\"lazy\" decoding=\"async\" src=\"https:\/\/internacionales.unicen.edu.ar\/wp-content\/uploads\/2021\/11\/Institut-Frances.png\"\n                             class=\"rt-img-responsive\"\n                             width=\"296\"\n                             height=\"170\"\n                             alt=\"Convocatoria\u00a0a &#8220;Proyectos de formaci\u00f3n continua 2022: educaci\u00f3n, franc\u00e9s y pluriling\u00fcismo&#8221;\">\n\t\t\t\t\t\t\n\t\t\t\t\t\t\t\n\t\t<\/a>\n\t\t        <div class=\"overlay grid-hover-content\"><\/div>\n\t\t\t\t\t\t<\/div>\n\t\t\t\n\t\t\t<div class=\"grid-hover-content\">\n\n\t\t\t\t<div class=\"entry-title-wrapper\"><h3 class=\"entry-title\"><a data-id=\"3187\" href=\"https:\/\/internacionales.unicen.edu.ar\/?p=3187\" class=\"tpg-post-link\" target=\"_self\">Convocatoria\u00a0a &#8220;Proyectos de formaci\u00f3n continua 2022: educaci\u00f3n, franc\u00e9s y pluriling\u00fcismo&#8221;<\/a><\/h3><\/div>\n\n\t\t\t\t\t\t\t\t\t<div class=\"post-meta-tags rt-el-post-meta\">\n\t\t\t\t\t\t            <span class='author '>\n\n\t\t\t\t<i class='fa fa-user '><\/i><span class='author-prefix'>By<\/span><a href=\"https:\/\/internacionales.unicen.edu.ar\/?author=3\">bernardo barcena<\/a>\t\t\t<\/span>\n\t\t\t            <span class='date'>\n\t\t\t\t<i class='far fa-calendar-alt '><\/i>\t\t\t\t                    <a href=\"https:\/\/internacionales.unicen.edu.ar\/?m=20211117\">\n\t\t\t\t\t17 noviembre, 2021\t\t\t\t<\/a>\n\t\t\t\t\t\t\t<\/span>\n\t\t\t            <span class='categories-links'>\n\t\t\t\t<i class='fas fa-folder-open '><\/i><a class=\"sin-categoria\" href=\"https:\/\/internacionales.unicen.edu.ar\/?cat=1\">Sin categor\u00eda<\/a>\n\t\t\t<\/span>\n\t\t\t\t\t\t\t\t<\/div>\n\t\t\t\t\n\t\t\t\t\t\t\t\t\t<div class=\"tpg-excerpt tpg-el-excerpt\">\n\t\t\t\t\t\t\t\t\t\t\t\t\t<div class=\"tpg-excerpt-inner\">\n\t\t\t\t\t\t\t\tSe encuentra abierta la Convocatoria a &#8220;Proyectos de formaci\u00f3n continua 2022: educaci\u00f3n...\t\t\t\t\t\t\t<\/div>\n\t\t\t\t\t\t\t\t\t\t\t\t\t\t\t\t\t<\/div>\n\t\t\t\t\n\t\t\t\t        <div class=\"post-footer\">\n            <div class=\"post-footer\">\n                <div class=\"read-more\">\n\t\t\t\t\t<a data-id=\"3187\" href=\"https:\/\/internacionales.unicen.edu.ar\/?p=3187\" class=\"tpg-post-link\" target=\"_self\">Read More<\/a>                <\/div>\n            <\/div>\n        <\/div>\n\t\t\t\t\t<\/div>\n\t\t<\/div>\n\t<\/div>\n<\/div>\n\n<div class=\"rt-col-md-4 rt-col-sm-6 rt-col-xs-12 default rt-grid-hover-item rt-grid-item\" data-id=\"3184\">\n\t<div class=\"rt-holder tpg-post-holder\">\n\t\t<div class=\"rt-detail rt-el-content-wrapper\">\n\t\t\t\t\t\t\t<div class=\"rt-img-holder tpg-el-image-wrap has-thumbnail\">\n\t\t\t\t\t<a data-id=\"3184\" href=\"https:\/\/internacionales.unicen.edu.ar\/?p=3184\" class=\"tpg-post-link\" target=\"_self\">                        <img loading=\"lazy\" decoding=\"async\" src=\"https:\/\/internacionales.unicen.edu.ar\/wp-content\/uploads\/2021\/11\/propila-768x768.jpeg\"\n                             class=\"rt-img-responsive\"\n                             width=\"750\"\n                             height=\"750\"\n                             alt=\"Programa PILA\u00a0\">\n\t\t\t\t\t\t\n\t\t\t\t\t\t\t\n\t\t<\/a>\n\t\t        <div class=\"overlay grid-hover-content\"><\/div>\n\t\t\t\t\t\t<\/div>\n\t\t\t\n\t\t\t<div class=\"grid-hover-content\">\n\n\t\t\t\t<div class=\"entry-title-wrapper\"><h3 class=\"entry-title\"><a data-id=\"3184\" href=\"https:\/\/internacionales.unicen.edu.ar\/?p=3184\" class=\"tpg-post-link\" target=\"_self\">Programa PILA\u00a0<\/a><\/h3><\/div>\n\n\t\t\t\t\t\t\t\t\t<div class=\"post-meta-tags rt-el-post-meta\">\n\t\t\t\t\t\t            <span class='author '>\n\n\t\t\t\t<i class='fa fa-user '><\/i><span class='author-prefix'>By<\/span><a href=\"https:\/\/internacionales.unicen.edu.ar\/?author=3\">bernardo barcena<\/a>\t\t\t<\/span>\n\t\t\t            <span class='date'>\n\t\t\t\t<i class='far fa-calendar-alt '><\/i>\t\t\t\t                    <a href=\"https:\/\/internacionales.unicen.edu.ar\/?m=20211117\">\n\t\t\t\t\t17 noviembre, 2021\t\t\t\t<\/a>\n\t\t\t\t\t\t\t<\/span>\n\t\t\t            <span class='categories-links'>\n\t\t\t\t<i class='fas fa-folder-open '><\/i><a class=\"uncategorized\" href=\"https:\/\/internacionales.unicen.edu.ar\/?cat=3\">Uncategorized<\/a>\n\t\t\t<\/span>\n\t\t\t\t\t\t\t\t<\/div>\n\t\t\t\t\n\t\t\t\t\t\t\t\t\t<div class=\"tpg-excerpt tpg-el-excerpt\">\n\t\t\t\t\t\t\t\t\t\t\t\t\t<div class=\"tpg-excerpt-inner\">\n\t\t\t\t\t\t\t\tLa DRI informa que se encuentra abierta la convocatoria del programa PILA para la realizaci\u00f3n de...\t\t\t\t\t\t\t<\/div>\n\t\t\t\t\t\t\t\t\t\t\t\t\t\t\t\t\t<\/div>\n\t\t\t\t\n\t\t\t\t        <div class=\"post-footer\">\n            <div class=\"post-footer\">\n                <div class=\"read-more\">\n\t\t\t\t\t<a data-id=\"3184\" href=\"https:\/\/internacionales.unicen.edu.ar\/?p=3184\" class=\"tpg-post-link\" target=\"_self\">Read More<\/a>                <\/div>\n            <\/div>\n        <\/div>\n\t\t\t\t\t<\/div>\n\t\t<\/div>\n\t<\/div>\n<\/div>\n\n<div class=\"rt-col-md-4 rt-col-sm-6 rt-col-xs-12 default rt-grid-hover-item rt-grid-item\" data-id=\"2545\">\n\t<div class=\"rt-holder tpg-post-holder\">\n\t\t<div class=\"rt-detail rt-el-content-wrapper\">\n\t\t\t\t\t\t\t<div class=\"rt-img-holder tpg-el-image-wrap has-thumbnail\">\n\t\t\t\t\t<a data-id=\"2545\" href=\"https:\/\/internacionales.unicen.edu.ar\/?p=2545\" class=\"tpg-post-link\" target=\"_self\">                        <img decoding=\"async\" src=\"\"\n                             class=\"rt-img-responsive\"\n                             width=\"\"\n                             height=\"\"\n                             alt=\"Convocatoria Movilidad Entrante ITM 2020 &#8211; 1, Medell\u00edn &#8211; Colombia\">\n\t\t\t\t\t\t\n\t\t\t\t\t\t\t\n\t\t<\/a>\n\t\t        <div class=\"overlay grid-hover-content\"><\/div>\n\t\t\t\t\t\t<\/div>\n\t\t\t\n\t\t\t<div class=\"grid-hover-content\">\n\n\t\t\t\t<div class=\"entry-title-wrapper\"><h3 class=\"entry-title\"><a data-id=\"2545\" href=\"https:\/\/internacionales.unicen.edu.ar\/?p=2545\" class=\"tpg-post-link\" target=\"_self\">Convocatoria Movilidad Entrante ITM 2020 &#8211; 1, Medell\u00edn &#8211; Colombia<\/a><\/h3><\/div>\n\n\t\t\t\t\t\t\t\t\t<div class=\"post-meta-tags rt-el-post-meta\">\n\t\t\t\t\t\t            <span class='author '>\n\n\t\t\t\t<i class='fa fa-user '><\/i><span class='author-prefix'>By<\/span><a href=\"https:\/\/internacionales.unicen.edu.ar\/?author=3\">bernardo barcena<\/a>\t\t\t<\/span>\n\t\t\t            <span class='date'>\n\t\t\t\t<i class='far fa-calendar-alt '><\/i>\t\t\t\t                    <a href=\"https:\/\/internacionales.unicen.edu.ar\/?m=20190911\">\n\t\t\t\t\t11 septiembre, 2019\t\t\t\t<\/a>\n\t\t\t\t\t\t\t<\/span>\n\t\t\t            <span class='categories-links'>\n\t\t\t\t<i class='fas fa-folder-open '><\/i><a class=\"uncategorized\" href=\"https:\/\/internacionales.unicen.edu.ar\/?cat=3\">Uncategorized<\/a>\n\t\t\t<\/span>\n\t\t\t\t\t\t\t\t<\/div>\n\t\t\t\t\n\t\t\t\t\t\t\t\t\t<div class=\"tpg-excerpt tpg-el-excerpt\">\n\t\t\t\t\t\t\t\t\t\t\t\t\t<div class=\"tpg-excerpt-inner\">\n\t\t\t\t\t\t\t\tOportunidad para estudiantes Desde el Instituto Tecnol\u00f3gico Metropolitano &#8211; ITM (Medell\u00edn...\t\t\t\t\t\t\t<\/div>\n\t\t\t\t\t\t\t\t\t\t\t\t\t\t\t\t\t<\/div>\n\t\t\t\t\n\t\t\t\t        <div class=\"post-footer\">\n            <div class=\"post-footer\">\n                <div class=\"read-more\">\n\t\t\t\t\t<a data-id=\"2545\" href=\"https:\/\/internacionales.unicen.edu.ar\/?p=2545\" class=\"tpg-post-link\" target=\"_self\">Read More<\/a>                <\/div>\n            <\/div>\n        <\/div>\n\t\t\t\t\t<\/div>\n\t\t<\/div>\n\t<\/div>\n<\/div>\n\n<div class=\"rt-col-md-4 rt-col-sm-6 rt-col-xs-12 default rt-grid-hover-item rt-grid-item\" data-id=\"2540\">\n\t<div class=\"rt-holder tpg-post-holder\">\n\t\t<div class=\"rt-detail rt-el-content-wrapper\">\n\t\t\t\t\t\t\t<div class=\"rt-img-holder tpg-el-image-wrap has-thumbnail\">\n\t\t\t\t\t<a data-id=\"2540\" href=\"https:\/\/internacionales.unicen.edu.ar\/?p=2540\" class=\"tpg-post-link\" target=\"_self\">                        <img decoding=\"async\" src=\"\"\n                             class=\"rt-img-responsive\"\n                             width=\"\"\n                             height=\"\"\n                             alt=\"33\u00b0 EDICI\u00d3N DEL PREMIO GEORGES-M\u00c9LI\u00c8S\">\n\t\t\t\t\t\t\n\t\t\t\t\t\t\t\n\t\t<\/a>\n\t\t        <div class=\"overlay grid-hover-content\"><\/div>\n\t\t\t\t\t\t<\/div>\n\t\t\t\n\t\t\t<div class=\"grid-hover-content\">\n\n\t\t\t\t<div class=\"entry-title-wrapper\"><h3 class=\"entry-title\"><a data-id=\"2540\" href=\"https:\/\/internacionales.unicen.edu.ar\/?p=2540\" class=\"tpg-post-link\" target=\"_self\">33\u00b0 EDICI\u00d3N DEL PREMIO GEORGES-M\u00c9LI\u00c8S<\/a><\/h3><\/div>\n\n\t\t\t\t\t\t\t\t\t<div class=\"post-meta-tags rt-el-post-meta\">\n\t\t\t\t\t\t            <span class='author '>\n\n\t\t\t\t<i class='fa fa-user '><\/i><span class='author-prefix'>By<\/span><a href=\"https:\/\/internacionales.unicen.edu.ar\/?author=3\">bernardo barcena<\/a>\t\t\t<\/span>\n\t\t\t            <span class='date'>\n\t\t\t\t<i class='far fa-calendar-alt '><\/i>\t\t\t\t                    <a href=\"https:\/\/internacionales.unicen.edu.ar\/?m=20190823\">\n\t\t\t\t\t23 agosto, 2019\t\t\t\t<\/a>\n\t\t\t\t\t\t\t<\/span>\n\t\t\t            <span class='categories-links'>\n\t\t\t\t<i class='fas fa-folder-open '><\/i><a class=\"uncategorized\" href=\"https:\/\/internacionales.unicen.edu.ar\/?cat=3\">Uncategorized<\/a>\n\t\t\t<\/span>\n\t\t\t\t\t\t\t\t<\/div>\n\t\t\t\t\n\t\t\t\t\t\t\t\t\t<div class=\"tpg-excerpt tpg-el-excerpt\">\n\t\t\t\t\t\t\t\t\t\t\t\t\t<div class=\"tpg-excerpt-inner\">\n\t\t\t\t\t\t\t\tEl concurso de cortometrajes \u201cGeorges M\u00e9li\u00e8s\u201d fue lanzado con el fin de incentivar y apoyar j\u00f3venes...\t\t\t\t\t\t\t<\/div>\n\t\t\t\t\t\t\t\t\t\t\t\t\t\t\t\t\t<\/div>\n\t\t\t\t\n\t\t\t\t        <div class=\"post-footer\">\n            <div class=\"post-footer\">\n                <div class=\"read-more\">\n\t\t\t\t\t<a data-id=\"2540\" href=\"https:\/\/internacionales.unicen.edu.ar\/?p=2540\" class=\"tpg-post-link\" target=\"_self\">Read More<\/a>                <\/div>\n            <\/div>\n        <\/div>\n\t\t\t\t\t<\/div>\n\t\t<\/div>\n\t<\/div>\n<\/div>\n            <\/div>\n\n\t\t\t        <\/div>\n\t\t\t\t\t\t<\/div>\n\t\t\t\t<\/div>\n\t\t\t\t\t<\/div>\n\t\t\t\t<\/div>\n\t\t<div class=\"elementor-element elementor-element-d921923 e-flex e-con-boxed e-con e-parent\" data-id=\"d921923\" data-element_type=\"container\">\n\t\t\t\t\t<div class=\"e-con-inner\">\n\t\t\t\t<div class=\"elementor-element elementor-element-7340a4e meta-visibility-show section-title-style-style1 title_position_default title_hover_border_default title-default img_hover_animation_default meta_position_default tpg-is-author-icon-show author-image-visibility-icon tpg-category-position-default readmore-btn-default-style grid-hover-overlay-type-always grid-hover-overlay-height-default hover-overlay-height-default tpg-border-bottom-disable elementor-widget elementor-widget-tpg-grid-hover-layout\" data-id=\"7340a4e\" data-element_type=\"widget\" data-widget_type=\"tpg-grid-hover-layout.default\">\n\t\t\t\t<div class=\"elementor-widget-container\">\n\t\t\t\t\t\n        <div class=\"rt-container-fluid rt-tpg-container tpg-el-main-wrapper grid_hover-layout1-main \"\n             id=\"rt-tpg-container-2490362896\"\n             data-layout=\"grid_hover-layout1\"\n             data-sc-id=\"elementor\"\n             data-el-settings=''\n             data-el-query=''\n             data-el-path=''\n        >\n\t\t\t            <div class='tpg-header-wrapper '>\n\t\t\t\t\n        <div class=\"tpg-widget-heading-wrapper rt-clear heading-style1 \">\n            <span class=\"tpg-widget-heading-line line-left\"><\/span>\n\t\t\t<h2 class='tpg-widget-heading'>\n\t\t\t\n\t\t\t\t                    <span>\n\t\t\t\t\t\tSection Title\t\t\t\t\t<\/span>\n\t\t\t\t\t\n\t\t\t\t\t\t\t<\/h2>            <span class=\"tpg-widget-heading-line line-right\"><\/span>\n\n\t\t\t\n        <\/div>\n\n\t\t\n\t\t            <\/div>\n\n            <div data-title=\"Loading ...\"\n                 class=\"rt-row rt-content-loader grid_hover-layout1 tpg-even grid-behaviour grid_hover_layout_wrapper\">\n\t\t\t\t\n<div class=\"rt-col-md-4 rt-col-sm-6 rt-col-xs-12 default rt-grid-hover-item rt-grid-item\" data-id=\"4753\">\n\t<div class=\"rt-holder tpg-post-holder\">\n\t\t<div class=\"rt-detail rt-el-content-wrapper\">\n\t\t\t\t\t\t\t<div class=\"rt-img-holder tpg-el-image-wrap has-no-thumbnail\">\n\t\t\t\t\t<a data-id=\"4753\" href=\"https:\/\/internacionales.unicen.edu.ar\/?p=4753\" class=\"tpg-post-link\" target=\"_self\">\t\t\n\t\t<\/a>\n\t\t        <div class=\"overlay grid-hover-content\"><\/div>\n\t\t\t\t\t\t<\/div>\n\t\t\t\n\t\t\t<div class=\"grid-hover-content\">\n\t\t\t\t<div class=\"entry-title-wrapper\"><h3 class=\"entry-title\"><a data-id=\"4753\" href=\"https:\/\/internacionales.unicen.edu.ar\/?p=4753\" class=\"tpg-post-link\" target=\"_self\">Jornada Multicultural Universitaria 2025<\/a><\/h3><\/div>\n\t\t\t\t\t\t\t\t\t<div class=\"post-meta-tags rt-el-post-meta\">\n\t\t\t\t\t\t            <span class='author '>\n\n\t\t\t\t<i class='fa fa-user '><\/i><span class='author-prefix'>By<\/span><a href=\"https:\/\/internacionales.unicen.edu.ar\/?author=6\">DRI<\/a>\t\t\t<\/span>\n\t\t\t            <span class='date'>\n\t\t\t\t<i class='far fa-calendar-alt '><\/i>\t\t\t\t                    <a href=\"https:\/\/internacionales.unicen.edu.ar\/?m=20251222\">\n\t\t\t\t\t22 diciembre, 2025\t\t\t\t<\/a>\n\t\t\t\t\t\t\t<\/span>\n\t\t\t            <span class='categories-links'>\n\t\t\t\t<i class='fas fa-folder-open '><\/i><a class=\"sin-categoria\" href=\"https:\/\/internacionales.unicen.edu.ar\/?cat=1\">Sin categor\u00eda<\/a>\n\t\t\t<\/span>\n\t\t\t\t\t\t\t\t<\/div>\n\t\t\t\t\n\t\t\t\t\t\t\t\t\t<div class=\"tpg-excerpt tpg-el-excerpt\">\n\t\t\t\t\t\t\t\t\t\t\t\t\t<div class=\"tpg-excerpt-inner\">\n\t\t\t\t\t\t\t\tJornada Multicultural Universitaria 2025 Con el lema \u201cInternacionaliz\u00e1 tu futuro: conect\u00e1, aprend\u00e9...\t\t\t\t\t\t\t<\/div>\n\t\t\t\t\t\t\t\t\t\t\t\t\t\t\t\t\t<\/div>\n\t\t\t\t\n\t\t\t\t        <div class=\"post-footer\">\n            <div class=\"post-footer\">\n                <div class=\"read-more\">\n\t\t\t\t\t<a data-id=\"4753\" href=\"https:\/\/internacionales.unicen.edu.ar\/?p=4753\" class=\"tpg-post-link\" target=\"_self\">Read More<\/a>                <\/div>\n            <\/div>\n        <\/div>\n\t\t\t\t\t<\/div>\n\t\t<\/div>\n\t<\/div>\n<\/div>\n\n<div class=\"rt-col-md-4 rt-col-sm-6 rt-col-xs-12 default rt-grid-hover-item rt-grid-item\" data-id=\"4748\">\n\t<div class=\"rt-holder tpg-post-holder\">\n\t\t<div class=\"rt-detail rt-el-content-wrapper\">\n\t\t\t\t\t\t\t<div class=\"rt-img-holder tpg-el-image-wrap has-no-thumbnail\">\n\t\t\t\t\t<a data-id=\"4748\" href=\"https:\/\/internacionales.unicen.edu.ar\/?p=4748\" class=\"tpg-post-link\" target=\"_self\">\t\t\n\t\t<\/a>\n\t\t        <div class=\"overlay grid-hover-content\"><\/div>\n\t\t\t\t\t\t<\/div>\n\t\t\t\n\t\t\t<div class=\"grid-hover-content\">\n\t\t\t\t<div class=\"entry-title-wrapper\"><h3 class=\"entry-title\"><a data-id=\"4748\" href=\"https:\/\/internacionales.unicen.edu.ar\/?p=4748\" class=\"tpg-post-link\" target=\"_self\">Jornada de finalizaci\u00f3n del primer curso de chino en UNICEN 2024<\/a><\/h3><\/div>\n\t\t\t\t\t\t\t\t\t<div class=\"post-meta-tags rt-el-post-meta\">\n\t\t\t\t\t\t            <span class='author '>\n\n\t\t\t\t<i class='fa fa-user '><\/i><span class='author-prefix'>By<\/span><a href=\"https:\/\/internacionales.unicen.edu.ar\/?author=6\">DRI<\/a>\t\t\t<\/span>\n\t\t\t            <span class='date'>\n\t\t\t\t<i class='far fa-calendar-alt '><\/i>\t\t\t\t                    <a href=\"https:\/\/internacionales.unicen.edu.ar\/?m=20250603\">\n\t\t\t\t\t3 junio, 2025\t\t\t\t<\/a>\n\t\t\t\t\t\t\t<\/span>\n\t\t\t            <span class='categories-links'>\n\t\t\t\t<i class='fas fa-folder-open '><\/i><a class=\"sin-categoria\" href=\"https:\/\/internacionales.unicen.edu.ar\/?cat=1\">Sin categor\u00eda<\/a>\n\t\t\t<\/span>\n\t\t\t\t\t\t\t\t<\/div>\n\t\t\t\t\n\t\t\t\t\t\t\t\t\t<div class=\"tpg-excerpt tpg-el-excerpt\">\n\t\t\t\t\t\t\t\t\t\t\t\t\t<div class=\"tpg-excerpt-inner\">\n\t\t\t\t\t\t\t\tEl viernes primero de noviembre de 2024 en el Rectorado de la Universidad se concret\u00f3 la jornada de...\t\t\t\t\t\t\t<\/div>\n\t\t\t\t\t\t\t\t\t\t\t\t\t\t\t\t\t<\/div>\n\t\t\t\t\n\t\t\t\t        <div class=\"post-footer\">\n            <div class=\"post-footer\">\n                <div class=\"read-more\">\n\t\t\t\t\t<a data-id=\"4748\" href=\"https:\/\/internacionales.unicen.edu.ar\/?p=4748\" class=\"tpg-post-link\" target=\"_self\">Read More<\/a>                <\/div>\n            <\/div>\n        <\/div>\n\t\t\t\t\t<\/div>\n\t\t<\/div>\n\t<\/div>\n<\/div>\n\n<div class=\"rt-col-md-4 rt-col-sm-6 rt-col-xs-12 default rt-grid-hover-item rt-grid-item\" data-id=\"4094\">\n\t<div class=\"rt-holder tpg-post-holder\">\n\t\t<div class=\"rt-detail rt-el-content-wrapper\">\n\t\t\t\t\t\t\t<div class=\"rt-img-holder tpg-el-image-wrap has-no-thumbnail\">\n\t\t\t\t\t<a data-id=\"4094\" href=\"https:\/\/internacionales.unicen.edu.ar\/?p=4094\" class=\"tpg-post-link\" target=\"_self\">\t\t\n\t\t<\/a>\n\t\t        <div class=\"overlay grid-hover-content\"><\/div>\n\t\t\t\t\t\t<\/div>\n\t\t\t\n\t\t\t<div class=\"grid-hover-content\">\n\t\t\t\t<div class=\"entry-title-wrapper\"><h3 class=\"entry-title\"><a data-id=\"4094\" href=\"https:\/\/internacionales.unicen.edu.ar\/?p=4094\" class=\"tpg-post-link\" target=\"_self\">Ciclo de Acompa\u00f1amiento: Iniciativa de apoyo al desarrollo de estrategias virtuales para la internacionalizaci\u00f3n integral.<\/a><\/h3><\/div>\n\t\t\t\t\t\t\t\t\t<div class=\"post-meta-tags rt-el-post-meta\">\n\t\t\t\t\t\t            <span class='author '>\n\n\t\t\t\t<i class='fa fa-user '><\/i><span class='author-prefix'>By<\/span><a href=\"https:\/\/internacionales.unicen.edu.ar\/?author=1\">soporte<\/a>\t\t\t<\/span>\n\t\t\t            <span class='date'>\n\t\t\t\t<i class='far fa-calendar-alt '><\/i>\t\t\t\t                    <a href=\"https:\/\/internacionales.unicen.edu.ar\/?m=20241216\">\n\t\t\t\t\t16 diciembre, 2024\t\t\t\t<\/a>\n\t\t\t\t\t\t\t<\/span>\n\t\t\t            <span class='categories-links'>\n\t\t\t\t<i class='fas fa-folder-open '><\/i><a class=\"uncategorized\" href=\"https:\/\/internacionales.unicen.edu.ar\/?cat=3\">Uncategorized<\/a>\n\t\t\t<\/span>\n\t\t\t\t\t\t\t\t<\/div>\n\t\t\t\t\n\t\t\t\t\t\t\t\t\t<div class=\"tpg-excerpt tpg-el-excerpt\">\n\t\t\t\t\t\t\t\t\t\t\t\t\t<div class=\"tpg-excerpt-inner\">\n\t\t\t\t\t\t\t\tLa Direcci\u00f3n de Relaciones Internacionales se encuentra participando en la elaboraci\u00f3n del proyecto...\t\t\t\t\t\t\t<\/div>\n\t\t\t\t\t\t\t\t\t\t\t\t\t\t\t\t\t<\/div>\n\t\t\t\t\n\t\t\t\t        <div class=\"post-footer\">\n            <div class=\"post-footer\">\n                <div class=\"read-more\">\n\t\t\t\t\t<a data-id=\"4094\" href=\"https:\/\/internacionales.unicen.edu.ar\/?p=4094\" class=\"tpg-post-link\" target=\"_self\">Read More<\/a>                <\/div>\n            <\/div>\n        <\/div>\n\t\t\t\t\t<\/div>\n\t\t<\/div>\n\t<\/div>\n<\/div>\n\n<div class=\"rt-col-md-4 rt-col-sm-6 rt-col-xs-12 default rt-grid-hover-item rt-grid-item\" data-id=\"3548\">\n\t<div class=\"rt-holder tpg-post-holder\">\n\t\t<div class=\"rt-detail rt-el-content-wrapper\">\n\t\t\t\t\t\t\t<div class=\"rt-img-holder tpg-el-image-wrap has-thumbnail\">\n\t\t\t\t\t<a data-id=\"3548\" href=\"https:\/\/internacionales.unicen.edu.ar\/?p=3548\" class=\"tpg-post-link\" target=\"_self\">                        <img loading=\"lazy\" decoding=\"async\" src=\"https:\/\/internacionales.unicen.edu.ar\/wp-content\/uploads\/2023\/06\/BUSCADOR-768x351.png\"\n                             class=\"rt-img-responsive\"\n                             width=\"750\"\n                             height=\"343\"\n                             alt=\"La Provincia de Buenos Aires cre\u00f3 un buscador de posgrados universitarios.\">\n\t\t\t\t\t\t\n\t\t\t\t\t\t\t\n\t\t<\/a>\n\t\t        <div class=\"overlay grid-hover-content\"><\/div>\n\t\t\t\t\t\t<\/div>\n\t\t\t\n\t\t\t<div class=\"grid-hover-content\">\n\t\t\t\t<div class=\"entry-title-wrapper\"><h3 class=\"entry-title\"><a data-id=\"3548\" href=\"https:\/\/internacionales.unicen.edu.ar\/?p=3548\" class=\"tpg-post-link\" target=\"_self\">La Provincia de Buenos Aires cre\u00f3 un buscador de posgrados universitarios.<\/a><\/h3><\/div>\n\t\t\t\t\t\t\t\t\t<div class=\"post-meta-tags rt-el-post-meta\">\n\t\t\t\t\t\t            <span class='author '>\n\n\t\t\t\t<i class='fa fa-user '><\/i><span class='author-prefix'>By<\/span><a href=\"https:\/\/internacionales.unicen.edu.ar\/?author=2\">admin<\/a>\t\t\t<\/span>\n\t\t\t            <span class='date'>\n\t\t\t\t<i class='far fa-calendar-alt '><\/i>\t\t\t\t                    <a href=\"https:\/\/internacionales.unicen.edu.ar\/?m=20230612\">\n\t\t\t\t\t12 junio, 2023\t\t\t\t<\/a>\n\t\t\t\t\t\t\t<\/span>\n\t\t\t            <span class='categories-links'>\n\t\t\t\t<i class='fas fa-folder-open '><\/i><a class=\"sin-categoria\" href=\"https:\/\/internacionales.unicen.edu.ar\/?cat=1\">Sin categor\u00eda<\/a>\n\t\t\t<\/span>\n\t\t\t\t\t\t\t\t<\/div>\n\t\t\t\t\n\t\t\t\t\t\t\t\t\t<div class=\"tpg-excerpt tpg-el-excerpt\">\n\t\t\t\t\t\t\t\t\t\t\t\t\t<div class=\"tpg-excerpt-inner\">\n\t\t\t\t\t\t\t\tLa plataforma permite realizar b\u00fasquedas por modalidad de cursada, universidad, \u00e1reatem\u00e1tica, y...\t\t\t\t\t\t\t<\/div>\n\t\t\t\t\t\t\t\t\t\t\t\t\t\t\t\t\t<\/div>\n\t\t\t\t\n\t\t\t\t        <div class=\"post-footer\">\n            <div class=\"post-footer\">\n                <div class=\"read-more\">\n\t\t\t\t\t<a data-id=\"3548\" href=\"https:\/\/internacionales.unicen.edu.ar\/?p=3548\" class=\"tpg-post-link\" target=\"_self\">Read More<\/a>                <\/div>\n            <\/div>\n        <\/div>\n\t\t\t\t\t<\/div>\n\t\t<\/div>\n\t<\/div>\n<\/div>\n\n<div class=\"rt-col-md-4 rt-col-sm-6 rt-col-xs-12 default rt-grid-hover-item rt-grid-item\" data-id=\"3190\">\n\t<div class=\"rt-holder tpg-post-holder\">\n\t\t<div class=\"rt-detail rt-el-content-wrapper\">\n\t\t\t\t\t\t\t<div class=\"rt-img-holder tpg-el-image-wrap has-thumbnail\">\n\t\t\t\t\t<a data-id=\"3190\" href=\"https:\/\/internacionales.unicen.edu.ar\/?p=3190\" class=\"tpg-post-link\" target=\"_self\">                        <img loading=\"lazy\" decoding=\"async\" src=\"https:\/\/internacionales.unicen.edu.ar\/wp-content\/uploads\/2021\/11\/encuentro-inter.jpg\"\n                             class=\"rt-img-responsive\"\n                             width=\"659\"\n                             height=\"318\"\n                             alt=\"Ciclo de Acompa\u00f1amiento: Iniciativa de apoyo al desarrollo de estrategias virtuales para la internacionalizaci\u00f3n integral.\">\n\t\t\t\t\t\t\n\t\t\t\t\t\t\t\n\t\t<\/a>\n\t\t        <div class=\"overlay grid-hover-content\"><\/div>\n\t\t\t\t\t\t<\/div>\n\t\t\t\n\t\t\t<div class=\"grid-hover-content\">\n\t\t\t\t<div class=\"entry-title-wrapper\"><h3 class=\"entry-title\"><a data-id=\"3190\" href=\"https:\/\/internacionales.unicen.edu.ar\/?p=3190\" class=\"tpg-post-link\" target=\"_self\">Ciclo de Acompa\u00f1amiento: Iniciativa de apoyo al desarrollo de estrategias virtuales para la internacionalizaci\u00f3n integral.<\/a><\/h3><\/div>\n\t\t\t\t\t\t\t\t\t<div class=\"post-meta-tags rt-el-post-meta\">\n\t\t\t\t\t\t            <span class='author '>\n\n\t\t\t\t<i class='fa fa-user '><\/i><span class='author-prefix'>By<\/span><a href=\"https:\/\/internacionales.unicen.edu.ar\/?author=3\">bernardo barcena<\/a>\t\t\t<\/span>\n\t\t\t            <span class='date'>\n\t\t\t\t<i class='far fa-calendar-alt '><\/i>\t\t\t\t                    <a href=\"https:\/\/internacionales.unicen.edu.ar\/?m=20211117\">\n\t\t\t\t\t17 noviembre, 2021\t\t\t\t<\/a>\n\t\t\t\t\t\t\t<\/span>\n\t\t\t            <span class='categories-links'>\n\t\t\t\t<i class='fas fa-folder-open '><\/i><a class=\"abierta\" href=\"https:\/\/internacionales.unicen.edu.ar\/?cat=4\">abierta<\/a><span class=\"rt-separator\">,<\/span><a class=\"uncategorized\" href=\"https:\/\/internacionales.unicen.edu.ar\/?cat=3\">Uncategorized<\/a>\n\t\t\t<\/span>\n\t\t\t\t\t\t\t\t<\/div>\n\t\t\t\t\n\t\t\t\t\t\t\t\t\t<div class=\"tpg-excerpt tpg-el-excerpt\">\n\t\t\t\t\t\t\t\t\t\t\t\t\t<div class=\"tpg-excerpt-inner\">\n\t\t\t\t\t\t\t\tLa Direcci\u00f3n de Relaciones Internacionales se encuentra participando en la elaboraci\u00f3n del proyecto...\t\t\t\t\t\t\t<\/div>\n\t\t\t\t\t\t\t\t\t\t\t\t\t\t\t\t\t<\/div>\n\t\t\t\t\n\t\t\t\t        <div class=\"post-footer\">\n            <div class=\"post-footer\">\n                <div class=\"read-more\">\n\t\t\t\t\t<a data-id=\"3190\" href=\"https:\/\/internacionales.unicen.edu.ar\/?p=3190\" class=\"tpg-post-link\" target=\"_self\">Read More<\/a>                <\/div>\n            <\/div>\n        <\/div>\n\t\t\t\t\t<\/div>\n\t\t<\/div>\n\t<\/div>\n<\/div>\n\n<div class=\"rt-col-md-4 rt-col-sm-6 rt-col-xs-12 default rt-grid-hover-item rt-grid-item\" data-id=\"3187\">\n\t<div class=\"rt-holder tpg-post-holder\">\n\t\t<div class=\"rt-detail rt-el-content-wrapper\">\n\t\t\t\t\t\t\t<div class=\"rt-img-holder tpg-el-image-wrap has-thumbnail\">\n\t\t\t\t\t<a data-id=\"3187\" href=\"https:\/\/internacionales.unicen.edu.ar\/?p=3187\" class=\"tpg-post-link\" target=\"_self\">                        <img loading=\"lazy\" decoding=\"async\" src=\"https:\/\/internacionales.unicen.edu.ar\/wp-content\/uploads\/2021\/11\/Institut-Frances.png\"\n                             class=\"rt-img-responsive\"\n                             width=\"296\"\n                             height=\"170\"\n                             alt=\"Convocatoria\u00a0a &#8220;Proyectos de formaci\u00f3n continua 2022: educaci\u00f3n, franc\u00e9s y pluriling\u00fcismo&#8221;\">\n\t\t\t\t\t\t\n\t\t\t\t\t\t\t\n\t\t<\/a>\n\t\t        <div class=\"overlay grid-hover-content\"><\/div>\n\t\t\t\t\t\t<\/div>\n\t\t\t\n\t\t\t<div class=\"grid-hover-content\">\n\t\t\t\t<div class=\"entry-title-wrapper\"><h3 class=\"entry-title\"><a data-id=\"3187\" href=\"https:\/\/internacionales.unicen.edu.ar\/?p=3187\" class=\"tpg-post-link\" target=\"_self\">Convocatoria\u00a0a &#8220;Proyectos de formaci\u00f3n continua 2022: educaci\u00f3n, franc\u00e9s y pluriling\u00fcismo&#8221;<\/a><\/h3><\/div>\n\t\t\t\t\t\t\t\t\t<div class=\"post-meta-tags rt-el-post-meta\">\n\t\t\t\t\t\t            <span class='author '>\n\n\t\t\t\t<i class='fa fa-user '><\/i><span class='author-prefix'>By<\/span><a href=\"https:\/\/internacionales.unicen.edu.ar\/?author=3\">bernardo barcena<\/a>\t\t\t<\/span>\n\t\t\t            <span class='date'>\n\t\t\t\t<i class='far fa-calendar-alt '><\/i>\t\t\t\t                    <a href=\"https:\/\/internacionales.unicen.edu.ar\/?m=20211117\">\n\t\t\t\t\t17 noviembre, 2021\t\t\t\t<\/a>\n\t\t\t\t\t\t\t<\/span>\n\t\t\t            <span class='categories-links'>\n\t\t\t\t<i class='fas fa-folder-open '><\/i><a class=\"sin-categoria\" href=\"https:\/\/internacionales.unicen.edu.ar\/?cat=1\">Sin categor\u00eda<\/a>\n\t\t\t<\/span>\n\t\t\t\t\t\t\t\t<\/div>\n\t\t\t\t\n\t\t\t\t\t\t\t\t\t<div class=\"tpg-excerpt tpg-el-excerpt\">\n\t\t\t\t\t\t\t\t\t\t\t\t\t<div class=\"tpg-excerpt-inner\">\n\t\t\t\t\t\t\t\tSe encuentra abierta la Convocatoria a &#8220;Proyectos de formaci\u00f3n continua 2022: educaci\u00f3n...\t\t\t\t\t\t\t<\/div>\n\t\t\t\t\t\t\t\t\t\t\t\t\t\t\t\t\t<\/div>\n\t\t\t\t\n\t\t\t\t        <div class=\"post-footer\">\n            <div class=\"post-footer\">\n                <div class=\"read-more\">\n\t\t\t\t\t<a data-id=\"3187\" href=\"https:\/\/internacionales.unicen.edu.ar\/?p=3187\" class=\"tpg-post-link\" target=\"_self\">Read More<\/a>                <\/div>\n            <\/div>\n        <\/div>\n\t\t\t\t\t<\/div>\n\t\t<\/div>\n\t<\/div>\n<\/div>\n\n<div class=\"rt-col-md-4 rt-col-sm-6 rt-col-xs-12 default rt-grid-hover-item rt-grid-item\" data-id=\"3184\">\n\t<div class=\"rt-holder tpg-post-holder\">\n\t\t<div class=\"rt-detail rt-el-content-wrapper\">\n\t\t\t\t\t\t\t<div class=\"rt-img-holder tpg-el-image-wrap has-thumbnail\">\n\t\t\t\t\t<a data-id=\"3184\" href=\"https:\/\/internacionales.unicen.edu.ar\/?p=3184\" class=\"tpg-post-link\" target=\"_self\">                        <img loading=\"lazy\" decoding=\"async\" src=\"https:\/\/internacionales.unicen.edu.ar\/wp-content\/uploads\/2021\/11\/propila-768x768.jpeg\"\n                             class=\"rt-img-responsive\"\n                             width=\"750\"\n                             height=\"750\"\n                             alt=\"Programa PILA\u00a0\">\n\t\t\t\t\t\t\n\t\t\t\t\t\t\t\n\t\t<\/a>\n\t\t        <div class=\"overlay grid-hover-content\"><\/div>\n\t\t\t\t\t\t<\/div>\n\t\t\t\n\t\t\t<div class=\"grid-hover-content\">\n\t\t\t\t<div class=\"entry-title-wrapper\"><h3 class=\"entry-title\"><a data-id=\"3184\" href=\"https:\/\/internacionales.unicen.edu.ar\/?p=3184\" class=\"tpg-post-link\" target=\"_self\">Programa PILA\u00a0<\/a><\/h3><\/div>\n\t\t\t\t\t\t\t\t\t<div class=\"post-meta-tags rt-el-post-meta\">\n\t\t\t\t\t\t            <span class='author '>\n\n\t\t\t\t<i class='fa fa-user '><\/i><span class='author-prefix'>By<\/span><a href=\"https:\/\/internacionales.unicen.edu.ar\/?author=3\">bernardo barcena<\/a>\t\t\t<\/span>\n\t\t\t            <span class='date'>\n\t\t\t\t<i class='far fa-calendar-alt '><\/i>\t\t\t\t                    <a href=\"https:\/\/internacionales.unicen.edu.ar\/?m=20211117\">\n\t\t\t\t\t17 noviembre, 2021\t\t\t\t<\/a>\n\t\t\t\t\t\t\t<\/span>\n\t\t\t            <span class='categories-links'>\n\t\t\t\t<i class='fas fa-folder-open '><\/i><a class=\"uncategorized\" href=\"https:\/\/internacionales.unicen.edu.ar\/?cat=3\">Uncategorized<\/a>\n\t\t\t<\/span>\n\t\t\t\t\t\t\t\t<\/div>\n\t\t\t\t\n\t\t\t\t\t\t\t\t\t<div class=\"tpg-excerpt tpg-el-excerpt\">\n\t\t\t\t\t\t\t\t\t\t\t\t\t<div class=\"tpg-excerpt-inner\">\n\t\t\t\t\t\t\t\tLa DRI informa que se encuentra abierta la convocatoria del programa PILA para la realizaci\u00f3n de...\t\t\t\t\t\t\t<\/div>\n\t\t\t\t\t\t\t\t\t\t\t\t\t\t\t\t\t<\/div>\n\t\t\t\t\n\t\t\t\t        <div class=\"post-footer\">\n            <div class=\"post-footer\">\n                <div class=\"read-more\">\n\t\t\t\t\t<a data-id=\"3184\" href=\"https:\/\/internacionales.unicen.edu.ar\/?p=3184\" class=\"tpg-post-link\" target=\"_self\">Read More<\/a>                <\/div>\n            <\/div>\n        <\/div>\n\t\t\t\t\t<\/div>\n\t\t<\/div>\n\t<\/div>\n<\/div>\n\n<div class=\"rt-col-md-4 rt-col-sm-6 rt-col-xs-12 default rt-grid-hover-item rt-grid-item\" data-id=\"2545\">\n\t<div class=\"rt-holder tpg-post-holder\">\n\t\t<div class=\"rt-detail rt-el-content-wrapper\">\n\t\t\t\t\t\t\t<div class=\"rt-img-holder tpg-el-image-wrap has-thumbnail\">\n\t\t\t\t\t<a data-id=\"2545\" href=\"https:\/\/internacionales.unicen.edu.ar\/?p=2545\" class=\"tpg-post-link\" target=\"_self\">                        <img decoding=\"async\" src=\"\"\n                             class=\"rt-img-responsive\"\n                             width=\"\"\n                             height=\"\"\n                             alt=\"Convocatoria Movilidad Entrante ITM 2020 &#8211; 1, Medell\u00edn &#8211; Colombia\">\n\t\t\t\t\t\t\n\t\t\t\t\t\t\t\n\t\t<\/a>\n\t\t        <div class=\"overlay grid-hover-content\"><\/div>\n\t\t\t\t\t\t<\/div>\n\t\t\t\n\t\t\t<div class=\"grid-hover-content\">\n\t\t\t\t<div class=\"entry-title-wrapper\"><h3 class=\"entry-title\"><a data-id=\"2545\" href=\"https:\/\/internacionales.unicen.edu.ar\/?p=2545\" class=\"tpg-post-link\" target=\"_self\">Convocatoria Movilidad Entrante ITM 2020 &#8211; 1, Medell\u00edn &#8211; Colombia<\/a><\/h3><\/div>\n\t\t\t\t\t\t\t\t\t<div class=\"post-meta-tags rt-el-post-meta\">\n\t\t\t\t\t\t            <span class='author '>\n\n\t\t\t\t<i class='fa fa-user '><\/i><span class='author-prefix'>By<\/span><a href=\"https:\/\/internacionales.unicen.edu.ar\/?author=3\">bernardo barcena<\/a>\t\t\t<\/span>\n\t\t\t            <span class='date'>\n\t\t\t\t<i class='far fa-calendar-alt '><\/i>\t\t\t\t                    <a href=\"https:\/\/internacionales.unicen.edu.ar\/?m=20190911\">\n\t\t\t\t\t11 septiembre, 2019\t\t\t\t<\/a>\n\t\t\t\t\t\t\t<\/span>\n\t\t\t            <span class='categories-links'>\n\t\t\t\t<i class='fas fa-folder-open '><\/i><a class=\"uncategorized\" href=\"https:\/\/internacionales.unicen.edu.ar\/?cat=3\">Uncategorized<\/a>\n\t\t\t<\/span>\n\t\t\t\t\t\t\t\t<\/div>\n\t\t\t\t\n\t\t\t\t\t\t\t\t\t<div class=\"tpg-excerpt tpg-el-excerpt\">\n\t\t\t\t\t\t\t\t\t\t\t\t\t<div class=\"tpg-excerpt-inner\">\n\t\t\t\t\t\t\t\tOportunidad para estudiantes Desde el Instituto Tecnol\u00f3gico Metropolitano &#8211; ITM (Medell\u00edn...\t\t\t\t\t\t\t<\/div>\n\t\t\t\t\t\t\t\t\t\t\t\t\t\t\t\t\t<\/div>\n\t\t\t\t\n\t\t\t\t        <div class=\"post-footer\">\n            <div class=\"post-footer\">\n                <div class=\"read-more\">\n\t\t\t\t\t<a data-id=\"2545\" href=\"https:\/\/internacionales.unicen.edu.ar\/?p=2545\" class=\"tpg-post-link\" target=\"_self\">Read More<\/a>                <\/div>\n            <\/div>\n        <\/div>\n\t\t\t\t\t<\/div>\n\t\t<\/div>\n\t<\/div>\n<\/div>\n\n<div class=\"rt-col-md-4 rt-col-sm-6 rt-col-xs-12 default rt-grid-hover-item rt-grid-item\" data-id=\"2540\">\n\t<div class=\"rt-holder tpg-post-holder\">\n\t\t<div class=\"rt-detail rt-el-content-wrapper\">\n\t\t\t\t\t\t\t<div class=\"rt-img-holder tpg-el-image-wrap has-thumbnail\">\n\t\t\t\t\t<a data-id=\"2540\" href=\"https:\/\/internacionales.unicen.edu.ar\/?p=2540\" class=\"tpg-post-link\" target=\"_self\">                        <img decoding=\"async\" src=\"\"\n                             class=\"rt-img-responsive\"\n                             width=\"\"\n                             height=\"\"\n                             alt=\"33\u00b0 EDICI\u00d3N DEL PREMIO GEORGES-M\u00c9LI\u00c8S\">\n\t\t\t\t\t\t\n\t\t\t\t\t\t\t\n\t\t<\/a>\n\t\t        <div class=\"overlay grid-hover-content\"><\/div>\n\t\t\t\t\t\t<\/div>\n\t\t\t\n\t\t\t<div class=\"grid-hover-content\">\n\t\t\t\t<div class=\"entry-title-wrapper\"><h3 class=\"entry-title\"><a data-id=\"2540\" href=\"https:\/\/internacionales.unicen.edu.ar\/?p=2540\" class=\"tpg-post-link\" target=\"_self\">33\u00b0 EDICI\u00d3N DEL PREMIO GEORGES-M\u00c9LI\u00c8S<\/a><\/h3><\/div>\n\t\t\t\t\t\t\t\t\t<div class=\"post-meta-tags rt-el-post-meta\">\n\t\t\t\t\t\t            <span class='author '>\n\n\t\t\t\t<i class='fa fa-user '><\/i><span class='author-prefix'>By<\/span><a href=\"https:\/\/internacionales.unicen.edu.ar\/?author=3\">bernardo barcena<\/a>\t\t\t<\/span>\n\t\t\t            <span class='date'>\n\t\t\t\t<i class='far fa-calendar-alt '><\/i>\t\t\t\t                    <a href=\"https:\/\/internacionales.unicen.edu.ar\/?m=20190823\">\n\t\t\t\t\t23 agosto, 2019\t\t\t\t<\/a>\n\t\t\t\t\t\t\t<\/span>\n\t\t\t            <span class='categories-links'>\n\t\t\t\t<i class='fas fa-folder-open '><\/i><a class=\"uncategorized\" href=\"https:\/\/internacionales.unicen.edu.ar\/?cat=3\">Uncategorized<\/a>\n\t\t\t<\/span>\n\t\t\t\t\t\t\t\t<\/div>\n\t\t\t\t\n\t\t\t\t\t\t\t\t\t<div class=\"tpg-excerpt tpg-el-excerpt\">\n\t\t\t\t\t\t\t\t\t\t\t\t\t<div class=\"tpg-excerpt-inner\">\n\t\t\t\t\t\t\t\tEl concurso de cortometrajes \u201cGeorges M\u00e9li\u00e8s\u201d fue lanzado con el fin de incentivar y apoyar j\u00f3venes...\t\t\t\t\t\t\t<\/div>\n\t\t\t\t\t\t\t\t\t\t\t\t\t\t\t\t\t<\/div>\n\t\t\t\t\n\t\t\t\t        <div class=\"post-footer\">\n            <div class=\"post-footer\">\n                <div class=\"read-more\">\n\t\t\t\t\t<a data-id=\"2540\" href=\"https:\/\/internacionales.unicen.edu.ar\/?p=2540\" class=\"tpg-post-link\" target=\"_self\">Read More<\/a>                <\/div>\n            <\/div>\n        <\/div>\n\t\t\t\t\t<\/div>\n\t\t<\/div>\n\t<\/div>\n<\/div>\n            <\/div>\n\n\t\t\t        <\/div>\n\t\t\t\t\t\t<\/div>\n\t\t\t\t<\/div>\n\t\t\t\t\t<\/div>\n\t\t\t\t<\/div>\n\t\t<div class=\"elementor-element elementor-element-1d13d19 e-flex e-con-boxed e-con e-parent\" data-id=\"1d13d19\" data-element_type=\"container\">\n\t\t\t\t\t<div class=\"e-con-inner\">\n\t\t\t\t<div class=\"elementor-element elementor-element-6f4cad0 meta-visibility-show section-title-style-style1 title_position_default title_hover_border_default title-default img_hover_animation_default meta_position_default tpg-is-author-icon-show author-image-visibility-icon tpg-category-position-default readmore-btn-default-style grid-hover-overlay-type-always grid-hover-overlay-height-default hover-overlay-height-default tpg-border-bottom-disable elementor-widget elementor-widget-tpg-grid-hover-layout\" data-id=\"6f4cad0\" data-element_type=\"widget\" data-widget_type=\"tpg-grid-hover-layout.default\">\n\t\t\t\t<div class=\"elementor-widget-container\">\n\t\t\t\t\t\n        <div class=\"rt-container-fluid rt-tpg-container tpg-el-main-wrapper grid_hover-layout1-main \"\n             id=\"rt-tpg-container-1317898401\"\n             data-layout=\"grid_hover-layout1\"\n             data-sc-id=\"elementor\"\n             data-el-settings=''\n             data-el-query=''\n             data-el-path=''\n        >\n\t\t\t            <div class='tpg-header-wrapper '>\n\t\t\t\t\n        <div class=\"tpg-widget-heading-wrapper rt-clear heading-style1 \">\n            <span class=\"tpg-widget-heading-line line-left\"><\/span>\n\t\t\t<h2 class='tpg-widget-heading'>\n\t\t\t\n\t\t\t\t                    <span>\n\t\t\t\t\t\tSection Title\t\t\t\t\t<\/span>\n\t\t\t\t\t\n\t\t\t\t\t\t\t<\/h2>            <span class=\"tpg-widget-heading-line line-right\"><\/span>\n\n\t\t\t\n        <\/div>\n\n\t\t\n\t\t            <\/div>\n\n            <div data-title=\"Loading ...\"\n                 class=\"rt-row rt-content-loader grid_hover-layout1 tpg-even grid-behaviour grid_hover_layout_wrapper\">\n\t\t\t\t\n<div class=\"rt-col-md-4 rt-col-sm-6 rt-col-xs-12 default rt-grid-hover-item rt-grid-item\" data-id=\"4753\">\n\t<div class=\"rt-holder tpg-post-holder\">\n\t\t<div class=\"rt-detail rt-el-content-wrapper\">\n\t\t\t\t\t\t\t<div class=\"rt-img-holder tpg-el-image-wrap has-no-thumbnail\">\n\t\t\t\t\t<a data-id=\"4753\" href=\"https:\/\/internacionales.unicen.edu.ar\/?p=4753\" class=\"tpg-post-link\" target=\"_self\">\t\t\n\t\t<\/a>\n\t\t        <div class=\"overlay grid-hover-content\"><\/div>\n\t\t\t\t\t\t<\/div>\n\t\t\t\n\t\t\t<div class=\"grid-hover-content\">\n\t\t\t\t<div class=\"entry-title-wrapper\"><h3 class=\"entry-title\"><a data-id=\"4753\" href=\"https:\/\/internacionales.unicen.edu.ar\/?p=4753\" class=\"tpg-post-link\" target=\"_self\">Jornada Multicultural Universitaria 2025<\/a><\/h3><\/div>\n\t\t\t\t\t\t\t\t\t<div class=\"post-meta-tags rt-el-post-meta\">\n\t\t\t\t\t\t            <span class='author '>\n\n\t\t\t\t<i class='fa fa-user '><\/i><span class='author-prefix'>By<\/span><a href=\"https:\/\/internacionales.unicen.edu.ar\/?author=6\">DRI<\/a>\t\t\t<\/span>\n\t\t\t            <span class='date'>\n\t\t\t\t<i class='far fa-calendar-alt '><\/i>\t\t\t\t                    <a href=\"https:\/\/internacionales.unicen.edu.ar\/?m=20251222\">\n\t\t\t\t\t22 diciembre, 2025\t\t\t\t<\/a>\n\t\t\t\t\t\t\t<\/span>\n\t\t\t            <span class='categories-links'>\n\t\t\t\t<i class='fas fa-folder-open '><\/i><a class=\"sin-categoria\" href=\"https:\/\/internacionales.unicen.edu.ar\/?cat=1\">Sin categor\u00eda<\/a>\n\t\t\t<\/span>\n\t\t\t\t\t\t\t\t<\/div>\n\t\t\t\t\n\t\t\t\t\t\t\t\t\t<div class=\"tpg-excerpt tpg-el-excerpt\">\n\t\t\t\t\t\t\t\t\t\t\t\t\t<div class=\"tpg-excerpt-inner\">\n\t\t\t\t\t\t\t\tJornada Multicultural Universitaria 2025 Con el lema \u201cInternacionaliz\u00e1 tu futuro: conect\u00e1, aprend\u00e9...\t\t\t\t\t\t\t<\/div>\n\t\t\t\t\t\t\t\t\t\t\t\t\t\t\t\t\t<\/div>\n\t\t\t\t\n\t\t\t\t        <div class=\"post-footer\">\n            <div class=\"post-footer\">\n                <div class=\"read-more\">\n\t\t\t\t\t<a data-id=\"4753\" href=\"https:\/\/internacionales.unicen.edu.ar\/?p=4753\" class=\"tpg-post-link\" target=\"_self\">Read More<\/a>                <\/div>\n            <\/div>\n        <\/div>\n\t\t\t\t\t<\/div>\n\t\t<\/div>\n\t<\/div>\n<\/div>\n\n<div class=\"rt-col-md-4 rt-col-sm-6 rt-col-xs-12 default rt-grid-hover-item rt-grid-item\" data-id=\"4748\">\n\t<div class=\"rt-holder tpg-post-holder\">\n\t\t<div class=\"rt-detail rt-el-content-wrapper\">\n\t\t\t\t\t\t\t<div class=\"rt-img-holder tpg-el-image-wrap has-no-thumbnail\">\n\t\t\t\t\t<a data-id=\"4748\" href=\"https:\/\/internacionales.unicen.edu.ar\/?p=4748\" class=\"tpg-post-link\" target=\"_self\">\t\t\n\t\t<\/a>\n\t\t        <div class=\"overlay grid-hover-content\"><\/div>\n\t\t\t\t\t\t<\/div>\n\t\t\t\n\t\t\t<div class=\"grid-hover-content\">\n\t\t\t\t<div class=\"entry-title-wrapper\"><h3 class=\"entry-title\"><a data-id=\"4748\" href=\"https:\/\/internacionales.unicen.edu.ar\/?p=4748\" class=\"tpg-post-link\" target=\"_self\">Jornada de finalizaci\u00f3n del primer curso de chino en UNICEN 2024<\/a><\/h3><\/div>\n\t\t\t\t\t\t\t\t\t<div class=\"post-meta-tags rt-el-post-meta\">\n\t\t\t\t\t\t            <span class='author '>\n\n\t\t\t\t<i class='fa fa-user '><\/i><span class='author-prefix'>By<\/span><a href=\"https:\/\/internacionales.unicen.edu.ar\/?author=6\">DRI<\/a>\t\t\t<\/span>\n\t\t\t            <span class='date'>\n\t\t\t\t<i class='far fa-calendar-alt '><\/i>\t\t\t\t                    <a href=\"https:\/\/internacionales.unicen.edu.ar\/?m=20250603\">\n\t\t\t\t\t3 junio, 2025\t\t\t\t<\/a>\n\t\t\t\t\t\t\t<\/span>\n\t\t\t            <span class='categories-links'>\n\t\t\t\t<i class='fas fa-folder-open '><\/i><a class=\"sin-categoria\" href=\"https:\/\/internacionales.unicen.edu.ar\/?cat=1\">Sin categor\u00eda<\/a>\n\t\t\t<\/span>\n\t\t\t\t\t\t\t\t<\/div>\n\t\t\t\t\n\t\t\t\t\t\t\t\t\t<div class=\"tpg-excerpt tpg-el-excerpt\">\n\t\t\t\t\t\t\t\t\t\t\t\t\t<div class=\"tpg-excerpt-inner\">\n\t\t\t\t\t\t\t\tEl viernes primero de noviembre de 2024 en el Rectorado de la Universidad se concret\u00f3 la jornada de...\t\t\t\t\t\t\t<\/div>\n\t\t\t\t\t\t\t\t\t\t\t\t\t\t\t\t\t<\/div>\n\t\t\t\t\n\t\t\t\t        <div class=\"post-footer\">\n            <div class=\"post-footer\">\n                <div class=\"read-more\">\n\t\t\t\t\t<a data-id=\"4748\" href=\"https:\/\/internacionales.unicen.edu.ar\/?p=4748\" class=\"tpg-post-link\" target=\"_self\">Read More<\/a>                <\/div>\n            <\/div>\n        <\/div>\n\t\t\t\t\t<\/div>\n\t\t<\/div>\n\t<\/div>\n<\/div>\n\n<div class=\"rt-col-md-4 rt-col-sm-6 rt-col-xs-12 default rt-grid-hover-item rt-grid-item\" data-id=\"4094\">\n\t<div class=\"rt-holder tpg-post-holder\">\n\t\t<div class=\"rt-detail rt-el-content-wrapper\">\n\t\t\t\t\t\t\t<div class=\"rt-img-holder tpg-el-image-wrap has-no-thumbnail\">\n\t\t\t\t\t<a data-id=\"4094\" href=\"https:\/\/internacionales.unicen.edu.ar\/?p=4094\" class=\"tpg-post-link\" target=\"_self\">\t\t\n\t\t<\/a>\n\t\t        <div class=\"overlay grid-hover-content\"><\/div>\n\t\t\t\t\t\t<\/div>\n\t\t\t\n\t\t\t<div class=\"grid-hover-content\">\n\t\t\t\t<div class=\"entry-title-wrapper\"><h3 class=\"entry-title\"><a data-id=\"4094\" href=\"https:\/\/internacionales.unicen.edu.ar\/?p=4094\" class=\"tpg-post-link\" target=\"_self\">Ciclo de Acompa\u00f1amiento: Iniciativa de apoyo al desarrollo de estrategias virtuales para la internacionalizaci\u00f3n integral.<\/a><\/h3><\/div>\n\t\t\t\t\t\t\t\t\t<div class=\"post-meta-tags rt-el-post-meta\">\n\t\t\t\t\t\t            <span class='author '>\n\n\t\t\t\t<i class='fa fa-user '><\/i><span class='author-prefix'>By<\/span><a href=\"https:\/\/internacionales.unicen.edu.ar\/?author=1\">soporte<\/a>\t\t\t<\/span>\n\t\t\t            <span class='date'>\n\t\t\t\t<i class='far fa-calendar-alt '><\/i>\t\t\t\t                    <a href=\"https:\/\/internacionales.unicen.edu.ar\/?m=20241216\">\n\t\t\t\t\t16 diciembre, 2024\t\t\t\t<\/a>\n\t\t\t\t\t\t\t<\/span>\n\t\t\t            <span class='categories-links'>\n\t\t\t\t<i class='fas fa-folder-open '><\/i><a class=\"uncategorized\" href=\"https:\/\/internacionales.unicen.edu.ar\/?cat=3\">Uncategorized<\/a>\n\t\t\t<\/span>\n\t\t\t\t\t\t\t\t<\/div>\n\t\t\t\t\n\t\t\t\t\t\t\t\t\t<div class=\"tpg-excerpt tpg-el-excerpt\">\n\t\t\t\t\t\t\t\t\t\t\t\t\t<div class=\"tpg-excerpt-inner\">\n\t\t\t\t\t\t\t\tLa Direcci\u00f3n de Relaciones Internacionales se encuentra participando en la elaboraci\u00f3n del proyecto...\t\t\t\t\t\t\t<\/div>\n\t\t\t\t\t\t\t\t\t\t\t\t\t\t\t\t\t<\/div>\n\t\t\t\t\n\t\t\t\t        <div class=\"post-footer\">\n            <div class=\"post-footer\">\n                <div class=\"read-more\">\n\t\t\t\t\t<a data-id=\"4094\" href=\"https:\/\/internacionales.unicen.edu.ar\/?p=4094\" class=\"tpg-post-link\" target=\"_self\">Read More<\/a>                <\/div>\n            <\/div>\n        <\/div>\n\t\t\t\t\t<\/div>\n\t\t<\/div>\n\t<\/div>\n<\/div>\n\n<div class=\"rt-col-md-4 rt-col-sm-6 rt-col-xs-12 default rt-grid-hover-item rt-grid-item\" data-id=\"3548\">\n\t<div class=\"rt-holder tpg-post-holder\">\n\t\t<div class=\"rt-detail rt-el-content-wrapper\">\n\t\t\t\t\t\t\t<div class=\"rt-img-holder tpg-el-image-wrap has-thumbnail\">\n\t\t\t\t\t<a data-id=\"3548\" href=\"https:\/\/internacionales.unicen.edu.ar\/?p=3548\" class=\"tpg-post-link\" target=\"_self\">                        <img loading=\"lazy\" decoding=\"async\" src=\"https:\/\/internacionales.unicen.edu.ar\/wp-content\/uploads\/2023\/06\/BUSCADOR-768x351.png\"\n                             class=\"rt-img-responsive\"\n                             width=\"750\"\n                             height=\"343\"\n                             alt=\"La Provincia de Buenos Aires cre\u00f3 un buscador de posgrados universitarios.\">\n\t\t\t\t\t\t\n\t\t\t\t\t\t\t\n\t\t<\/a>\n\t\t        <div class=\"overlay grid-hover-content\"><\/div>\n\t\t\t\t\t\t<\/div>\n\t\t\t\n\t\t\t<div class=\"grid-hover-content\">\n\t\t\t\t<div class=\"entry-title-wrapper\"><h3 class=\"entry-title\"><a data-id=\"3548\" href=\"https:\/\/internacionales.unicen.edu.ar\/?p=3548\" class=\"tpg-post-link\" target=\"_self\">La Provincia de Buenos Aires cre\u00f3 un buscador de posgrados universitarios.<\/a><\/h3><\/div>\n\t\t\t\t\t\t\t\t\t<div class=\"post-meta-tags rt-el-post-meta\">\n\t\t\t\t\t\t            <span class='author '>\n\n\t\t\t\t<i class='fa fa-user '><\/i><span class='author-prefix'>By<\/span><a href=\"https:\/\/internacionales.unicen.edu.ar\/?author=2\">admin<\/a>\t\t\t<\/span>\n\t\t\t            <span class='date'>\n\t\t\t\t<i class='far fa-calendar-alt '><\/i>\t\t\t\t                    <a href=\"https:\/\/internacionales.unicen.edu.ar\/?m=20230612\">\n\t\t\t\t\t12 junio, 2023\t\t\t\t<\/a>\n\t\t\t\t\t\t\t<\/span>\n\t\t\t            <span class='categories-links'>\n\t\t\t\t<i class='fas fa-folder-open '><\/i><a class=\"sin-categoria\" href=\"https:\/\/internacionales.unicen.edu.ar\/?cat=1\">Sin categor\u00eda<\/a>\n\t\t\t<\/span>\n\t\t\t\t\t\t\t\t<\/div>\n\t\t\t\t\n\t\t\t\t\t\t\t\t\t<div class=\"tpg-excerpt tpg-el-excerpt\">\n\t\t\t\t\t\t\t\t\t\t\t\t\t<div class=\"tpg-excerpt-inner\">\n\t\t\t\t\t\t\t\tLa plataforma permite realizar b\u00fasquedas por modalidad de cursada, universidad, \u00e1reatem\u00e1tica, y...\t\t\t\t\t\t\t<\/div>\n\t\t\t\t\t\t\t\t\t\t\t\t\t\t\t\t\t<\/div>\n\t\t\t\t\n\t\t\t\t        <div class=\"post-footer\">\n            <div class=\"post-footer\">\n                <div class=\"read-more\">\n\t\t\t\t\t<a data-id=\"3548\" href=\"https:\/\/internacionales.unicen.edu.ar\/?p=3548\" class=\"tpg-post-link\" target=\"_self\">Read More<\/a>                <\/div>\n            <\/div>\n        <\/div>\n\t\t\t\t\t<\/div>\n\t\t<\/div>\n\t<\/div>\n<\/div>\n\n<div class=\"rt-col-md-4 rt-col-sm-6 rt-col-xs-12 default rt-grid-hover-item rt-grid-item\" data-id=\"3190\">\n\t<div class=\"rt-holder tpg-post-holder\">\n\t\t<div class=\"rt-detail rt-el-content-wrapper\">\n\t\t\t\t\t\t\t<div class=\"rt-img-holder tpg-el-image-wrap has-thumbnail\">\n\t\t\t\t\t<a data-id=\"3190\" href=\"https:\/\/internacionales.unicen.edu.ar\/?p=3190\" class=\"tpg-post-link\" target=\"_self\">                        <img loading=\"lazy\" decoding=\"async\" src=\"https:\/\/internacionales.unicen.edu.ar\/wp-content\/uploads\/2021\/11\/encuentro-inter.jpg\"\n                             class=\"rt-img-responsive\"\n                             width=\"659\"\n                             height=\"318\"\n                             alt=\"Ciclo de Acompa\u00f1amiento: Iniciativa de apoyo al desarrollo de estrategias virtuales para la internacionalizaci\u00f3n integral.\">\n\t\t\t\t\t\t\n\t\t\t\t\t\t\t\n\t\t<\/a>\n\t\t        <div class=\"overlay grid-hover-content\"><\/div>\n\t\t\t\t\t\t<\/div>\n\t\t\t\n\t\t\t<div class=\"grid-hover-content\">\n\t\t\t\t<div class=\"entry-title-wrapper\"><h3 class=\"entry-title\"><a data-id=\"3190\" href=\"https:\/\/internacionales.unicen.edu.ar\/?p=3190\" class=\"tpg-post-link\" target=\"_self\">Ciclo de Acompa\u00f1amiento: Iniciativa de apoyo al desarrollo de estrategias virtuales para la internacionalizaci\u00f3n integral.<\/a><\/h3><\/div>\n\t\t\t\t\t\t\t\t\t<div class=\"post-meta-tags rt-el-post-meta\">\n\t\t\t\t\t\t            <span class='author '>\n\n\t\t\t\t<i class='fa fa-user '><\/i><span class='author-prefix'>By<\/span><a href=\"https:\/\/internacionales.unicen.edu.ar\/?author=3\">bernardo barcena<\/a>\t\t\t<\/span>\n\t\t\t            <span class='date'>\n\t\t\t\t<i class='far fa-calendar-alt '><\/i>\t\t\t\t                    <a href=\"https:\/\/internacionales.unicen.edu.ar\/?m=20211117\">\n\t\t\t\t\t17 noviembre, 2021\t\t\t\t<\/a>\n\t\t\t\t\t\t\t<\/span>\n\t\t\t            <span class='categories-links'>\n\t\t\t\t<i class='fas fa-folder-open '><\/i><a class=\"abierta\" href=\"https:\/\/internacionales.unicen.edu.ar\/?cat=4\">abierta<\/a><span class=\"rt-separator\">,<\/span><a class=\"uncategorized\" href=\"https:\/\/internacionales.unicen.edu.ar\/?cat=3\">Uncategorized<\/a>\n\t\t\t<\/span>\n\t\t\t\t\t\t\t\t<\/div>\n\t\t\t\t\n\t\t\t\t\t\t\t\t\t<div class=\"tpg-excerpt tpg-el-excerpt\">\n\t\t\t\t\t\t\t\t\t\t\t\t\t<div class=\"tpg-excerpt-inner\">\n\t\t\t\t\t\t\t\tLa Direcci\u00f3n de Relaciones Internacionales se encuentra participando en la elaboraci\u00f3n del proyecto...\t\t\t\t\t\t\t<\/div>\n\t\t\t\t\t\t\t\t\t\t\t\t\t\t\t\t\t<\/div>\n\t\t\t\t\n\t\t\t\t        <div class=\"post-footer\">\n            <div class=\"post-footer\">\n                <div class=\"read-more\">\n\t\t\t\t\t<a data-id=\"3190\" href=\"https:\/\/internacionales.unicen.edu.ar\/?p=3190\" class=\"tpg-post-link\" target=\"_self\">Read More<\/a>                <\/div>\n            <\/div>\n        <\/div>\n\t\t\t\t\t<\/div>\n\t\t<\/div>\n\t<\/div>\n<\/div>\n\n<div class=\"rt-col-md-4 rt-col-sm-6 rt-col-xs-12 default rt-grid-hover-item rt-grid-item\" data-id=\"3187\">\n\t<div class=\"rt-holder tpg-post-holder\">\n\t\t<div class=\"rt-detail rt-el-content-wrapper\">\n\t\t\t\t\t\t\t<div class=\"rt-img-holder tpg-el-image-wrap has-thumbnail\">\n\t\t\t\t\t<a data-id=\"3187\" href=\"https:\/\/internacionales.unicen.edu.ar\/?p=3187\" class=\"tpg-post-link\" target=\"_self\">                        <img loading=\"lazy\" decoding=\"async\" src=\"https:\/\/internacionales.unicen.edu.ar\/wp-content\/uploads\/2021\/11\/Institut-Frances.png\"\n                             class=\"rt-img-responsive\"\n                             width=\"296\"\n                             height=\"170\"\n                             alt=\"Convocatoria\u00a0a &#8220;Proyectos de formaci\u00f3n continua 2022: educaci\u00f3n, franc\u00e9s y pluriling\u00fcismo&#8221;\">\n\t\t\t\t\t\t\n\t\t\t\t\t\t\t\n\t\t<\/a>\n\t\t        <div class=\"overlay grid-hover-content\"><\/div>\n\t\t\t\t\t\t<\/div>\n\t\t\t\n\t\t\t<div class=\"grid-hover-content\">\n\t\t\t\t<div class=\"entry-title-wrapper\"><h3 class=\"entry-title\"><a data-id=\"3187\" href=\"https:\/\/internacionales.unicen.edu.ar\/?p=3187\" class=\"tpg-post-link\" target=\"_self\">Convocatoria\u00a0a &#8220;Proyectos de formaci\u00f3n continua 2022: educaci\u00f3n, franc\u00e9s y pluriling\u00fcismo&#8221;<\/a><\/h3><\/div>\n\t\t\t\t\t\t\t\t\t<div class=\"post-meta-tags rt-el-post-meta\">\n\t\t\t\t\t\t            <span class='author '>\n\n\t\t\t\t<i class='fa fa-user '><\/i><span class='author-prefix'>By<\/span><a href=\"https:\/\/internacionales.unicen.edu.ar\/?author=3\">bernardo barcena<\/a>\t\t\t<\/span>\n\t\t\t            <span class='date'>\n\t\t\t\t<i class='far fa-calendar-alt '><\/i>\t\t\t\t                    <a href=\"https:\/\/internacionales.unicen.edu.ar\/?m=20211117\">\n\t\t\t\t\t17 noviembre, 2021\t\t\t\t<\/a>\n\t\t\t\t\t\t\t<\/span>\n\t\t\t            <span class='categories-links'>\n\t\t\t\t<i class='fas fa-folder-open '><\/i><a class=\"sin-categoria\" href=\"https:\/\/internacionales.unicen.edu.ar\/?cat=1\">Sin categor\u00eda<\/a>\n\t\t\t<\/span>\n\t\t\t\t\t\t\t\t<\/div>\n\t\t\t\t\n\t\t\t\t\t\t\t\t\t<div class=\"tpg-excerpt tpg-el-excerpt\">\n\t\t\t\t\t\t\t\t\t\t\t\t\t<div class=\"tpg-excerpt-inner\">\n\t\t\t\t\t\t\t\tSe encuentra abierta la Convocatoria a &#8220;Proyectos de formaci\u00f3n continua 2022: educaci\u00f3n...\t\t\t\t\t\t\t<\/div>\n\t\t\t\t\t\t\t\t\t\t\t\t\t\t\t\t\t<\/div>\n\t\t\t\t\n\t\t\t\t        <div class=\"post-footer\">\n            <div class=\"post-footer\">\n                <div class=\"read-more\">\n\t\t\t\t\t<a data-id=\"3187\" href=\"https:\/\/internacionales.unicen.edu.ar\/?p=3187\" class=\"tpg-post-link\" target=\"_self\">Read More<\/a>                <\/div>\n            <\/div>\n        <\/div>\n\t\t\t\t\t<\/div>\n\t\t<\/div>\n\t<\/div>\n<\/div>\n\n<div class=\"rt-col-md-4 rt-col-sm-6 rt-col-xs-12 default rt-grid-hover-item rt-grid-item\" data-id=\"3184\">\n\t<div class=\"rt-holder tpg-post-holder\">\n\t\t<div class=\"rt-detail rt-el-content-wrapper\">\n\t\t\t\t\t\t\t<div class=\"rt-img-holder tpg-el-image-wrap has-thumbnail\">\n\t\t\t\t\t<a data-id=\"3184\" href=\"https:\/\/internacionales.unicen.edu.ar\/?p=3184\" class=\"tpg-post-link\" target=\"_self\">                        <img loading=\"lazy\" decoding=\"async\" src=\"https:\/\/internacionales.unicen.edu.ar\/wp-content\/uploads\/2021\/11\/propila-768x768.jpeg\"\n                             class=\"rt-img-responsive\"\n                             width=\"750\"\n                             height=\"750\"\n                             alt=\"Programa PILA\u00a0\">\n\t\t\t\t\t\t\n\t\t\t\t\t\t\t\n\t\t<\/a>\n\t\t        <div class=\"overlay grid-hover-content\"><\/div>\n\t\t\t\t\t\t<\/div>\n\t\t\t\n\t\t\t<div class=\"grid-hover-content\">\n\t\t\t\t<div class=\"entry-title-wrapper\"><h3 class=\"entry-title\"><a data-id=\"3184\" href=\"https:\/\/internacionales.unicen.edu.ar\/?p=3184\" class=\"tpg-post-link\" target=\"_self\">Programa PILA\u00a0<\/a><\/h3><\/div>\n\t\t\t\t\t\t\t\t\t<div class=\"post-meta-tags rt-el-post-meta\">\n\t\t\t\t\t\t            <span class='author '>\n\n\t\t\t\t<i class='fa fa-user '><\/i><span class='author-prefix'>By<\/span><a href=\"https:\/\/internacionales.unicen.edu.ar\/?author=3\">bernardo barcena<\/a>\t\t\t<\/span>\n\t\t\t            <span class='date'>\n\t\t\t\t<i class='far fa-calendar-alt '><\/i>\t\t\t\t                    <a href=\"https:\/\/internacionales.unicen.edu.ar\/?m=20211117\">\n\t\t\t\t\t17 noviembre, 2021\t\t\t\t<\/a>\n\t\t\t\t\t\t\t<\/span>\n\t\t\t            <span class='categories-links'>\n\t\t\t\t<i class='fas fa-folder-open '><\/i><a class=\"uncategorized\" href=\"https:\/\/internacionales.unicen.edu.ar\/?cat=3\">Uncategorized<\/a>\n\t\t\t<\/span>\n\t\t\t\t\t\t\t\t<\/div>\n\t\t\t\t\n\t\t\t\t\t\t\t\t\t<div class=\"tpg-excerpt tpg-el-excerpt\">\n\t\t\t\t\t\t\t\t\t\t\t\t\t<div class=\"tpg-excerpt-inner\">\n\t\t\t\t\t\t\t\tLa DRI informa que se encuentra abierta la convocatoria del programa PILA para la realizaci\u00f3n de...\t\t\t\t\t\t\t<\/div>\n\t\t\t\t\t\t\t\t\t\t\t\t\t\t\t\t\t<\/div>\n\t\t\t\t\n\t\t\t\t        <div class=\"post-footer\">\n            <div class=\"post-footer\">\n                <div class=\"read-more\">\n\t\t\t\t\t<a data-id=\"3184\" href=\"https:\/\/internacionales.unicen.edu.ar\/?p=3184\" class=\"tpg-post-link\" target=\"_self\">Read More<\/a>                <\/div>\n            <\/div>\n        <\/div>\n\t\t\t\t\t<\/div>\n\t\t<\/div>\n\t<\/div>\n<\/div>\n\n<div class=\"rt-col-md-4 rt-col-sm-6 rt-col-xs-12 default rt-grid-hover-item rt-grid-item\" data-id=\"2545\">\n\t<div class=\"rt-holder tpg-post-holder\">\n\t\t<div class=\"rt-detail rt-el-content-wrapper\">\n\t\t\t\t\t\t\t<div class=\"rt-img-holder tpg-el-image-wrap has-thumbnail\">\n\t\t\t\t\t<a data-id=\"2545\" href=\"https:\/\/internacionales.unicen.edu.ar\/?p=2545\" class=\"tpg-post-link\" target=\"_self\">                        <img decoding=\"async\" src=\"\"\n                             class=\"rt-img-responsive\"\n                             width=\"\"\n                             height=\"\"\n                             alt=\"Convocatoria Movilidad Entrante ITM 2020 &#8211; 1, Medell\u00edn &#8211; Colombia\">\n\t\t\t\t\t\t\n\t\t\t\t\t\t\t\n\t\t<\/a>\n\t\t        <div class=\"overlay grid-hover-content\"><\/div>\n\t\t\t\t\t\t<\/div>\n\t\t\t\n\t\t\t<div class=\"grid-hover-content\">\n\t\t\t\t<div class=\"entry-title-wrapper\"><h3 class=\"entry-title\"><a data-id=\"2545\" href=\"https:\/\/internacionales.unicen.edu.ar\/?p=2545\" class=\"tpg-post-link\" target=\"_self\">Convocatoria Movilidad Entrante ITM 2020 &#8211; 1, Medell\u00edn &#8211; Colombia<\/a><\/h3><\/div>\n\t\t\t\t\t\t\t\t\t<div class=\"post-meta-tags rt-el-post-meta\">\n\t\t\t\t\t\t            <span class='author '>\n\n\t\t\t\t<i class='fa fa-user '><\/i><span class='author-prefix'>By<\/span><a href=\"https:\/\/internacionales.unicen.edu.ar\/?author=3\">bernardo barcena<\/a>\t\t\t<\/span>\n\t\t\t            <span class='date'>\n\t\t\t\t<i class='far fa-calendar-alt '><\/i>\t\t\t\t                    <a href=\"https:\/\/internacionales.unicen.edu.ar\/?m=20190911\">\n\t\t\t\t\t11 septiembre, 2019\t\t\t\t<\/a>\n\t\t\t\t\t\t\t<\/span>\n\t\t\t            <span class='categories-links'>\n\t\t\t\t<i class='fas fa-folder-open '><\/i><a class=\"uncategorized\" href=\"https:\/\/internacionales.unicen.edu.ar\/?cat=3\">Uncategorized<\/a>\n\t\t\t<\/span>\n\t\t\t\t\t\t\t\t<\/div>\n\t\t\t\t\n\t\t\t\t\t\t\t\t\t<div class=\"tpg-excerpt tpg-el-excerpt\">\n\t\t\t\t\t\t\t\t\t\t\t\t\t<div class=\"tpg-excerpt-inner\">\n\t\t\t\t\t\t\t\tOportunidad para estudiantes Desde el Instituto Tecnol\u00f3gico Metropolitano &#8211; ITM (Medell\u00edn...\t\t\t\t\t\t\t<\/div>\n\t\t\t\t\t\t\t\t\t\t\t\t\t\t\t\t\t<\/div>\n\t\t\t\t\n\t\t\t\t        <div class=\"post-footer\">\n            <div class=\"post-footer\">\n                <div class=\"read-more\">\n\t\t\t\t\t<a data-id=\"2545\" href=\"https:\/\/internacionales.unicen.edu.ar\/?p=2545\" class=\"tpg-post-link\" target=\"_self\">Read More<\/a>                <\/div>\n            <\/div>\n        <\/div>\n\t\t\t\t\t<\/div>\n\t\t<\/div>\n\t<\/div>\n<\/div>\n\n<div class=\"rt-col-md-4 rt-col-sm-6 rt-col-xs-12 default rt-grid-hover-item rt-grid-item\" data-id=\"2540\">\n\t<div class=\"rt-holder tpg-post-holder\">\n\t\t<div class=\"rt-detail rt-el-content-wrapper\">\n\t\t\t\t\t\t\t<div class=\"rt-img-holder tpg-el-image-wrap has-thumbnail\">\n\t\t\t\t\t<a data-id=\"2540\" href=\"https:\/\/internacionales.unicen.edu.ar\/?p=2540\" class=\"tpg-post-link\" target=\"_self\">                        <img decoding=\"async\" src=\"\"\n                             class=\"rt-img-responsive\"\n                             width=\"\"\n                             height=\"\"\n                             alt=\"33\u00b0 EDICI\u00d3N DEL PREMIO GEORGES-M\u00c9LI\u00c8S\">\n\t\t\t\t\t\t\n\t\t\t\t\t\t\t\n\t\t<\/a>\n\t\t        <div class=\"overlay grid-hover-content\"><\/div>\n\t\t\t\t\t\t<\/div>\n\t\t\t\n\t\t\t<div class=\"grid-hover-content\">\n\t\t\t\t<div class=\"entry-title-wrapper\"><h3 class=\"entry-title\"><a data-id=\"2540\" href=\"https:\/\/internacionales.unicen.edu.ar\/?p=2540\" class=\"tpg-post-link\" target=\"_self\">33\u00b0 EDICI\u00d3N DEL PREMIO GEORGES-M\u00c9LI\u00c8S<\/a><\/h3><\/div>\n\t\t\t\t\t\t\t\t\t<div class=\"post-meta-tags rt-el-post-meta\">\n\t\t\t\t\t\t            <span class='author '>\n\n\t\t\t\t<i class='fa fa-user '><\/i><span class='author-prefix'>By<\/span><a href=\"https:\/\/internacionales.unicen.edu.ar\/?author=3\">bernardo barcena<\/a>\t\t\t<\/span>\n\t\t\t            <span class='date'>\n\t\t\t\t<i class='far fa-calendar-alt '><\/i>\t\t\t\t                    <a href=\"https:\/\/internacionales.unicen.edu.ar\/?m=20190823\">\n\t\t\t\t\t23 agosto, 2019\t\t\t\t<\/a>\n\t\t\t\t\t\t\t<\/span>\n\t\t\t            <span class='categories-links'>\n\t\t\t\t<i class='fas fa-folder-open '><\/i><a class=\"uncategorized\" href=\"https:\/\/internacionales.unicen.edu.ar\/?cat=3\">Uncategorized<\/a>\n\t\t\t<\/span>\n\t\t\t\t\t\t\t\t<\/div>\n\t\t\t\t\n\t\t\t\t\t\t\t\t\t<div class=\"tpg-excerpt tpg-el-excerpt\">\n\t\t\t\t\t\t\t\t\t\t\t\t\t<div class=\"tpg-excerpt-inner\">\n\t\t\t\t\t\t\t\tEl concurso de cortometrajes \u201cGeorges M\u00e9li\u00e8s\u201d fue lanzado con el fin de incentivar y apoyar j\u00f3venes...\t\t\t\t\t\t\t<\/div>\n\t\t\t\t\t\t\t\t\t\t\t\t\t\t\t\t\t<\/div>\n\t\t\t\t\n\t\t\t\t        <div class=\"post-footer\">\n            <div class=\"post-footer\">\n                <div class=\"read-more\">\n\t\t\t\t\t<a data-id=\"2540\" href=\"https:\/\/internacionales.unicen.edu.ar\/?p=2540\" class=\"tpg-post-link\" target=\"_self\">Read More<\/a>                <\/div>\n            <\/div>\n        <\/div>\n\t\t\t\t\t<\/div>\n\t\t<\/div>\n\t<\/div>\n<\/div>\n            <\/div>\n\n\t\t\t        <\/div>\n\t\t\t\t\t\t<\/div>\n\t\t\t\t<\/div>\n\t\t\t\t\t<\/div>\n\t\t\t\t<\/div>\n\t\t\t\t<\/div>\n\t\t","protected":false},"excerpt":{"rendered":"<p>Jornada Multicultural Universitaria 2025 Con el lema \u201cInternacionaliz\u00e1 tu futuro: conect\u00e1, aprend\u00e9, despeg\u00e1\u201d la Direcci\u00f3n de Relaciones Internacionales de la Secretar\u00eda de Relaciones Institucionales llev\u00f3 a cabo la Jornada Multicultural Universitaria 2025 el d\u00eda viernes 30 de mayo a las 10hs con modalidad h\u00edbrida en el sal\u00f3n auditorium de la [&hellip;]<\/p>\n","protected":false},"author":6,"featured_media":0,"comment_status":"open","ping_status":"open","sticky":false,"template":"","format":"standard","meta":{"footnotes":""},"categories":[1],"tags":[],"class_list":["post-4753","post","type-post","status-publish","format-standard","hentry","category-sin-categoria"],"rttpg_featured_image_url":null,"rttpg_author":{"display_name":"DRI","author_link":"https:\/\/internacionales.unicen.edu.ar\/?author=6"},"rttpg_comment":7,"rttpg_category":"<a href=\"https:\/\/internacionales.unicen.edu.ar\/?cat=1\" rel=\"category\">Sin categor\u00eda<\/a>","rttpg_excerpt":"Jornada Multicultural Universitaria 2025 Con el lema \u201cInternacionaliz\u00e1 tu futuro: conect\u00e1, aprend\u00e9, despeg\u00e1\u201d la Direcci\u00f3n de Relaciones Internacionales de la Secretar\u00eda de Relaciones Institucionales llev\u00f3 a cabo la Jornada Multicultural Universitaria 2025 el d\u00eda viernes 30 de mayo a las 10hs con modalidad h\u00edbrida en el sal\u00f3n auditorium de la [&hellip;]","_links":{"self":[{"href":"https:\/\/internacionales.unicen.edu.ar\/index.php?rest_route=\/wp\/v2\/posts\/4753","targetHints":{"allow":["GET"]}}],"collection":[{"href":"https:\/\/internacionales.unicen.edu.ar\/index.php?rest_route=\/wp\/v2\/posts"}],"about":[{"href":"https:\/\/internacionales.unicen.edu.ar\/index.php?rest_route=\/wp\/v2\/types\/post"}],"author":[{"embeddable":true,"href":"https:\/\/internacionales.unicen.edu.ar\/index.php?rest_route=\/wp\/v2\/users\/6"}],"replies":[{"embeddable":true,"href":"https:\/\/internacionales.unicen.edu.ar\/index.php?rest_route=%2Fwp%2Fv2%2Fcomments&post=4753"}],"version-history":[{"count":7,"href":"https:\/\/internacionales.unicen.edu.ar\/index.php?rest_route=\/wp\/v2\/posts\/4753\/revisions"}],"predecessor-version":[{"id":4832,"href":"https:\/\/internacionales.unicen.edu.ar\/index.php?rest_route=\/wp\/v2\/posts\/4753\/revisions\/4832"}],"wp:attachment":[{"href":"https:\/\/internacionales.unicen.edu.ar\/index.php?rest_route=%2Fwp%2Fv2%2Fmedia&parent=4753"}],"wp:term":[{"taxonomy":"category","embeddable":true,"href":"https:\/\/internacionales.unicen.edu.ar\/index.php?rest_route=%2Fwp%2Fv2%2Fcategories&post=4753"},{"taxonomy":"post_tag","embeddable":true,"href":"https:\/\/internacionales.unicen.edu.ar\/index.php?rest_route=%2Fwp%2Fv2%2Ftags&post=4753"}],"curies":[{"name":"wp","href":"https:\/\/api.w.org\/{rel}","templated":true}]}}