{"id":68,"date":"2018-09-26T19:30:46","date_gmt":"2018-09-26T19:30:46","guid":{"rendered":"http:\/\/10.254.1.126\/?p=68"},"modified":"2018-09-26T19:30:46","modified_gmt":"2018-09-26T19:30:46","slug":"programa-de-fomento-a-la-movilidad-de-estudiantes-extranjeros-del-instituto-tecnologico-metropolitano-itm","status":"publish","type":"post","link":"https:\/\/internacionales.unicen.edu.ar\/?p=68","title":{"rendered":"Programa de Fomento a la Movilidad de Estudiantes Extranjeros del Instituto Tecnol\u00f3gico Metropolitano &#8211; ITM"},"content":{"rendered":"<p class=\"rtejustify\">El Instituto Tecnol\u00f3gico Metropolitano &#8211; ITM, en Medell\u00edn, Colombia, los invita para participar en el Programa de Fomento a la Movilidad de Estudiantes Extranjeros de Pregrado, en el periodo 2019-1, para la modalidad de semestre de intercambio.<\/p>\n<p class=\"rtejustify\">Gracias a este programa, adem\u00e1s de la exenci\u00f3n de los costos de matr\u00edcula, podr\u00e1n optar por un apoyo econ\u00f3mico otorgado por el ITM, que permite cubrir parcialmente los gastos de manutenci\u00f3n durante la estad\u00eda en Colombia. La oferta acad\u00e9mica de pregrado del ITM se encuentra en el siguiente sitio web: <a href=\"https:\/\/www.itm.edu.co\">http:\/\/www.itm.edu.co<\/a><\/p>\n<p class=\"rtejustify\">Esta es una oportunidad para que los estudiantes extranjeros complementen su formaci\u00f3n acad\u00e9mica en el ITM, una Instituci\u00f3n Acreditada en Alta Calidad por el Ministerio de Educaci\u00f3n Nacional.<\/p>\n<p class=\"rtejustify\">El apoyo econ\u00f3mico incluye: cobertura de la matr\u00edcula del 100% y un apoyo econ\u00f3mico de $3\u00b4000.000 de pesos colombianos, para cada estudiante que cumpla con los requisitos, hasta agotar recursos.<\/p>\n<p class=\"rtejustify\">Consultar los requisitos de la convocatoria en el siguiente sitio web <a href=\"http:\/\/www.itm.edu.co\/dependencias\/direccion-de-cooperacion-y-relaciones-internacionales-5\/movilidad\/movilidad\/\">http:\/\/www.itm.edu.co\/dependencias\/direccion-de-cooperacion-y-relaciones-internacionales-5\/movilidad\/movilidad\/<\/a> o en el documento adjunto.<\/p>\n<p class=\"rtejustify\">La fecha l\u00edmite para postular es hasta el <strong>31 de octubre de 2018<\/strong>, 12:00 de la noche hora colombiana.<\/p>\n<div><\/div>\n<div class=\"field field-type-date field-field-fecha-apertura\">\n<div class=\"field-label\">Fecha Apertura:<\/div>\n<div class=\"field-items\">\n<div class=\"field-item odd\"><span class=\"date-display-single\">13\/09\/2018<\/span><\/div>\n<\/div>\n<\/div>\n<div class=\"field field-type-date field-field-fecha-cierre-unicen\">\n<div class=\"field-label\">Fecha Cierre Unicen:<\/div>\n<div class=\"field-items\">\n<div class=\"field-item odd\"><span class=\"date-display-single\">31\/10\/2018<\/span><\/div>\n<\/div>\n<\/div>\n<div class=\"field field-type-date field-field-fecha-cierre-ministerio\">\n<div class=\"field-label\">Fecha Cierre Ministerio:<\/div>\n<div class=\"field-items\">\n<div class=\"field-item odd\"><span class=\"date-display-single\">31\/10\/2018<\/span><\/div>\n<\/div>\n<\/div>\n","protected":false},"excerpt":{"rendered":"<p>El Instituto Tecnol\u00f3gico Metropolitano &#8211; ITM, en Medell\u00edn, Colombia, los invita para participar en el Programa de Fomento a la Movilidad de Estudiantes Extranjeros de Pregrado, en el periodo 2019-1, para la modalidad de semestre de intercambio. Gracias a este programa, adem\u00e1s de la exenci\u00f3n de los costos de matr\u00edcula, [&hellip;]<\/p>\n","protected":false},"author":2,"featured_media":69,"comment_status":"open","ping_status":"open","sticky":false,"template":"","format":"standard","meta":{"footnotes":""},"categories":[4,5],"tags":[],"class_list":["post-68","post","type-post","status-publish","format-standard","has-post-thumbnail","hentry","category-abierta","category-convocatoria"],"rttpg_featured_image_url":null,"rttpg_author":{"display_name":"admin","author_link":"https:\/\/internacionales.unicen.edu.ar\/?author=2"},"rttpg_comment":19,"rttpg_category":"<a href=\"https:\/\/internacionales.unicen.edu.ar\/?cat=4\" rel=\"category\">abierta<\/a> <a href=\"https:\/\/internacionales.unicen.edu.ar\/?cat=5\" rel=\"category\">convocatoria<\/a>","rttpg_excerpt":"El Instituto Tecnol\u00f3gico Metropolitano &#8211; ITM, en Medell\u00edn, Colombia, los invita para participar en el Programa de Fomento a la Movilidad de Estudiantes Extranjeros de Pregrado, en el periodo 2019-1, para la modalidad de semestre de intercambio. Gracias a este programa, adem\u00e1s de la exenci\u00f3n de los costos de matr\u00edcula, [&hellip;]","_links":{"self":[{"href":"https:\/\/internacionales.unicen.edu.ar\/index.php?rest_route=\/wp\/v2\/posts\/68","targetHints":{"allow":["GET"]}}],"collection":[{"href":"https:\/\/internacionales.unicen.edu.ar\/index.php?rest_route=\/wp\/v2\/posts"}],"about":[{"href":"https:\/\/internacionales.unicen.edu.ar\/index.php?rest_route=\/wp\/v2\/types\/post"}],"author":[{"embeddable":true,"href":"https:\/\/internacionales.unicen.edu.ar\/index.php?rest_route=\/wp\/v2\/users\/2"}],"replies":[{"embeddable":true,"href":"https:\/\/internacionales.unicen.edu.ar\/index.php?rest_route=%2Fwp%2Fv2%2Fcomments&post=68"}],"version-history":[{"count":0,"href":"https:\/\/internacionales.unicen.edu.ar\/index.php?rest_route=\/wp\/v2\/posts\/68\/revisions"}],"wp:featuredmedia":[{"embeddable":true,"href":"https:\/\/internacionales.unicen.edu.ar\/index.php?rest_route=\/"}],"wp:attachment":[{"href":"https:\/\/internacionales.unicen.edu.ar\/index.php?rest_route=%2Fwp%2Fv2%2Fmedia&parent=68"}],"wp:term":[{"taxonomy":"category","embeddable":true,"href":"https:\/\/internacionales.unicen.edu.ar\/index.php?rest_route=%2Fwp%2Fv2%2Fcategories&post=68"},{"taxonomy":"post_tag","embeddable":true,"href":"https:\/\/internacionales.unicen.edu.ar\/index.php?rest_route=%2Fwp%2Fv2%2Ftags&post=68"}],"curies":[{"name":"wp","href":"https:\/\/api.w.org\/{rel}","templated":true}]}}